{"id":11473,"date":"2025-04-23T05:00:13","date_gmt":"2025-04-23T05:00:13","guid":{"rendered":"https:\/\/corporate.epress.fi\/?p=11473"},"modified":"2025-04-23T09:45:15","modified_gmt":"2025-04-23T09:45:15","slug":"epress-ar-nu-medlem-i-sveriges-tidskrifter","status":"publish","type":"post","link":"https:\/\/corporate.epress.fi\/sv\/epress-ar-nu-medlem-i-sveriges-tidskrifter\/","title":{"rendered":"ePress \u00e4r nu medlem i Sveriges Tidskrifter"},"content":{"rendered":"\n<p>Vi \u00e4r glada att meddela att ePress har blivit medlem i Sveriges Tidskrifter \u2013 branschorganisationen f\u00f6r Sveriges magasin- och tidskriftsutgivare. Som medlem f\u00e5r vi m\u00f6jlighet att aktivt delta i n\u00e4tverkande, kunskapsutbyte och utveckling inom den svenska publicistbranschen.<\/p>\n\n\n\n<p>Med v\u00e5rt medlemskap st\u00e4rker vi v\u00e5rt engagemang p\u00e5 den svenska marknaden och ser fram emot att bidra med innovation och digitala l\u00f6sningar f\u00f6r framtidens publicering.<\/p>\n\n\n\n<p>ePress \u00e4r en digital publiceringsplattform som m\u00f6jligg\u00f6r enkel och automatiserad distribution av tidskrifter, dagstidningar och annat inneh\u00e5ll till slutl\u00e4saren. Med v\u00e5rt anv\u00e4ndarv\u00e4nliga gr\u00e4nssnitt och v\u00e5ra intelligenta l\u00f6sningar st\u00f6der vi f\u00f6rlag i deras digitala transformation.<\/p>\n\n\n\n<p><strong>Mer information:<\/strong><\/p>\n\n\n\n<p>ePress\u00ae<br>Kimmo Laine<br>ePress-partnerskap<br>kimmo@epress.fi<br>+358 50 369 3603<br><a href=\"http:\/\/www.epress.fi\">www.epress.fi<\/a><\/p>\n\n\n\n<p>ePress\u00ae\ufe0f \u00e4r en specialiserad tj\u00e4nst f\u00f6r distribution av digitalt inneh\u00e5ll som kopplar samman f\u00f6rlag, inneh\u00e5ll och l\u00e4sare via 1000+ ePress-l\u00e4spunkter.<\/p>\n","protected":false},"excerpt":{"rendered":"<p>Vi \u00e4r glada att meddela att ePress har blivit medlem i Sveriges Tidskrifter \u2013 branschorganisationen f\u00f6r Sveriges magasin- och tidskriftsutgivare.<\/p>\n","protected":false},"author":41,"featured_media":11471,"comment_status":"closed","ping_status":"closed","sticky":false,"template":"","format":"standard","meta":{"site-sidebar-layout":"default","site-content-layout":"","ast-site-content-layout":"default","site-content-style":"default","site-sidebar-style":"default","ast-global-header-display":"","ast-banner-title-visibility":"","ast-main-header-display":"","ast-hfb-above-header-display":"","ast-hfb-below-header-display":"","ast-hfb-mobile-header-display":"","site-post-title":"","ast-breadcrumbs-content":"","ast-featured-img":"","footer-sml-layout":"","ast-disable-related-posts":"","theme-transparent-header-meta":"","adv-header-id-meta":"","stick-header-meta":"","header-above-stick-meta":"","header-main-stick-meta":"","header-below-stick-meta":"","astra-migrate-meta-layouts":"set","ast-page-background-enabled":"default","ast-page-background-meta":{"desktop":{"background-color":"","background-image":"","background-repeat":"repeat","background-position":"center center","background-size":"auto","background-attachment":"scroll","background-type":"","background-media":"","overlay-type":"","overlay-color":"","overlay-opacity":"","overlay-gradient":""},"tablet":{"background-color":"","background-image":"","background-repeat":"repeat","background-position":"center center","background-size":"auto","background-attachment":"scroll","background-type":"","background-media":"","overlay-type":"","overlay-color":"","overlay-opacity":"","overlay-gradient":""},"mobile":{"background-color":"","background-image":"","background-repeat":"repeat","background-position":"center center","background-size":"auto","background-attachment":"scroll","background-type":"","background-media":"","overlay-type":"","overlay-color":"","overlay-opacity":"","overlay-gradient":""}},"ast-content-background-meta":{"desktop":{"background-color":"var(--ast-global-color-5)","background-image":"","background-repeat":"repeat","background-position":"center center","background-size":"auto","background-attachment":"scroll","background-type":"","background-media":"","overlay-type":"","overlay-color":"","overlay-opacity":"","overlay-gradient":""},"tablet":{"background-color":"var(--ast-global-color-5)","background-image":"","background-repeat":"repeat","background-position":"center center","background-size":"auto","background-attachment":"scroll","background-type":"","background-media":"","overlay-type":"","overlay-color":"","overlay-opacity":"","overlay-gradient":""},"mobile":{"background-color":"var(--ast-global-color-5)","background-image":"","background-repeat":"repeat","background-position":"center center","background-size":"auto","background-attachment":"scroll","background-type":"","background-media":"","overlay-type":"","overlay-color":"","overlay-opacity":"","overlay-gradient":""}},"footnotes":""},"categories":[44],"tags":[],"class_list":["post-11473","post","type-post","status-publish","format-standard","has-post-thumbnail","hentry","category-okategoriserad"],"yoast_head":"<!-- This site is optimized with the Yoast SEO plugin v27.3 - https:\/\/yoast.com\/product\/yoast-seo-wordpress\/ -->\n<title>ePress \u00e4r nu medlem i Sveriges Tidskrifter - ePress\u00ae<\/title>\n<meta name=\"robots\" content=\"index, follow, max-snippet:-1, max-image-preview:large, max-video-preview:-1\" \/>\n<link rel=\"canonical\" href=\"https:\/\/corporate.epress.fi\/sv\/epress-ar-nu-medlem-i-sveriges-tidskrifter\/\" \/>\n<meta property=\"og:locale\" content=\"sv_SE\" \/>\n<meta property=\"og:type\" content=\"article\" \/>\n<meta property=\"og:title\" content=\"ePress \u00e4r nu medlem i Sveriges Tidskrifter - ePress\u00ae\" \/>\n<meta property=\"og:description\" content=\"Vi \u00e4r glada att meddela att ePress har blivit medlem i Sveriges Tidskrifter \u2013 branschorganisationen f\u00f6r Sveriges magasin- och tidskriftsutgivare.\" \/>\n<meta property=\"og:url\" content=\"https:\/\/corporate.epress.fi\/sv\/epress-ar-nu-medlem-i-sveriges-tidskrifter\/\" \/>\n<meta property=\"og:site_name\" content=\"ePress\u00ae\" \/>\n<meta property=\"article:published_time\" content=\"2025-04-23T05:00:13+00:00\" \/>\n<meta property=\"article:modified_time\" content=\"2025-04-23T09:45:15+00:00\" \/>\n<meta property=\"og:image\" content=\"https:\/\/corporate.epress.fi\/wp-content\/uploads\/2024\/10\/epress-logo-2024-white.png\" \/>\n\t<meta property=\"og:image:width\" content=\"437\" \/>\n\t<meta property=\"og:image:height\" content=\"99\" \/>\n\t<meta property=\"og:image:type\" content=\"image\/png\" \/><meta property=\"og:image\" content=\"https:\/\/corporate.epress.fi\/wp-content\/uploads\/2025\/04\/epress-tidskrifter-article-image.jpg\" \/>\n\t<meta property=\"og:image:width\" content=\"1600\" \/>\n\t<meta property=\"og:image:height\" content=\"744\" \/>\n\t<meta property=\"og:image:type\" content=\"image\/jpeg\" \/>\n<meta name=\"author\" content=\"ePress\" \/>\n<meta name=\"twitter:card\" content=\"summary_large_image\" \/>\n<meta name=\"twitter:label1\" content=\"Skriven av\" \/>\n\t<meta name=\"twitter:data1\" content=\"ePress\" \/>\n\t<meta name=\"twitter:label2\" content=\"Ber\u00e4knad l\u00e4stid\" \/>\n\t<meta name=\"twitter:data2\" content=\"1 minut\" \/>\n<script type=\"application\/ld+json\" class=\"yoast-schema-graph\">{\"@context\":\"https:\\\/\\\/schema.org\",\"@graph\":[{\"@type\":\"Article\",\"@id\":\"https:\\\/\\\/corporate.epress.fi\\\/sv\\\/epress-ar-nu-medlem-i-sveriges-tidskrifter\\\/#article\",\"isPartOf\":{\"@id\":\"https:\\\/\\\/corporate.epress.fi\\\/sv\\\/epress-ar-nu-medlem-i-sveriges-tidskrifter\\\/\"},\"author\":{\"name\":\"ePress\",\"@id\":\"https:\\\/\\\/corporate.epress.fi\\\/sv\\\/#\\\/schema\\\/person\\\/ad38cc792da02b14fbaea0b23052d8bd\"},\"headline\":\"ePress \u00e4r nu medlem i Sveriges Tidskrifter\",\"datePublished\":\"2025-04-23T05:00:13+00:00\",\"dateModified\":\"2025-04-23T09:45:15+00:00\",\"mainEntityOfPage\":{\"@id\":\"https:\\\/\\\/corporate.epress.fi\\\/sv\\\/epress-ar-nu-medlem-i-sveriges-tidskrifter\\\/\"},\"wordCount\":159,\"publisher\":{\"@id\":\"https:\\\/\\\/corporate.epress.fi\\\/sv\\\/#organization\"},\"image\":{\"@id\":\"https:\\\/\\\/corporate.epress.fi\\\/sv\\\/epress-ar-nu-medlem-i-sveriges-tidskrifter\\\/#primaryimage\"},\"thumbnailUrl\":\"https:\\\/\\\/corporate.epress.fi\\\/wp-content\\\/uploads\\\/2025\\\/04\\\/epress-tidskrifter-article-image.jpg\",\"articleSection\":[\"Okategoriserad\"],\"inLanguage\":\"sv-SE\"},{\"@type\":\"WebPage\",\"@id\":\"https:\\\/\\\/corporate.epress.fi\\\/sv\\\/epress-ar-nu-medlem-i-sveriges-tidskrifter\\\/\",\"url\":\"https:\\\/\\\/corporate.epress.fi\\\/sv\\\/epress-ar-nu-medlem-i-sveriges-tidskrifter\\\/\",\"name\":\"ePress \u00e4r nu medlem i Sveriges Tidskrifter - ePress\u00ae\",\"isPartOf\":{\"@id\":\"https:\\\/\\\/corporate.epress.fi\\\/sv\\\/#website\"},\"primaryImageOfPage\":{\"@id\":\"https:\\\/\\\/corporate.epress.fi\\\/sv\\\/epress-ar-nu-medlem-i-sveriges-tidskrifter\\\/#primaryimage\"},\"image\":{\"@id\":\"https:\\\/\\\/corporate.epress.fi\\\/sv\\\/epress-ar-nu-medlem-i-sveriges-tidskrifter\\\/#primaryimage\"},\"thumbnailUrl\":\"https:\\\/\\\/corporate.epress.fi\\\/wp-content\\\/uploads\\\/2025\\\/04\\\/epress-tidskrifter-article-image.jpg\",\"datePublished\":\"2025-04-23T05:00:13+00:00\",\"dateModified\":\"2025-04-23T09:45:15+00:00\",\"breadcrumb\":{\"@id\":\"https:\\\/\\\/corporate.epress.fi\\\/sv\\\/epress-ar-nu-medlem-i-sveriges-tidskrifter\\\/#breadcrumb\"},\"inLanguage\":\"sv-SE\",\"potentialAction\":[{\"@type\":\"ReadAction\",\"target\":[\"https:\\\/\\\/corporate.epress.fi\\\/sv\\\/epress-ar-nu-medlem-i-sveriges-tidskrifter\\\/\"]}]},{\"@type\":\"ImageObject\",\"inLanguage\":\"sv-SE\",\"@id\":\"https:\\\/\\\/corporate.epress.fi\\\/sv\\\/epress-ar-nu-medlem-i-sveriges-tidskrifter\\\/#primaryimage\",\"url\":\"https:\\\/\\\/corporate.epress.fi\\\/wp-content\\\/uploads\\\/2025\\\/04\\\/epress-tidskrifter-article-image.jpg\",\"contentUrl\":\"https:\\\/\\\/corporate.epress.fi\\\/wp-content\\\/uploads\\\/2025\\\/04\\\/epress-tidskrifter-article-image.jpg\",\"width\":1600,\"height\":744},{\"@type\":\"BreadcrumbList\",\"@id\":\"https:\\\/\\\/corporate.epress.fi\\\/sv\\\/epress-ar-nu-medlem-i-sveriges-tidskrifter\\\/#breadcrumb\",\"itemListElement\":[{\"@type\":\"ListItem\",\"position\":1,\"name\":\"Home\",\"item\":\"https:\\\/\\\/corporate.epress.fi\\\/sv\\\/\"},{\"@type\":\"ListItem\",\"position\":2,\"name\":\"ePress \u00e4r nu medlem i Sveriges Tidskrifter\"}]},{\"@type\":\"WebSite\",\"@id\":\"https:\\\/\\\/corporate.epress.fi\\\/sv\\\/#website\",\"url\":\"https:\\\/\\\/corporate.epress.fi\\\/sv\\\/\",\"name\":\"ePress\u00ae\",\"description\":\"Kaikki lehdet yhdest\u00e4 paikasta\",\"publisher\":{\"@id\":\"https:\\\/\\\/corporate.epress.fi\\\/sv\\\/#organization\"},\"potentialAction\":[{\"@type\":\"SearchAction\",\"target\":{\"@type\":\"EntryPoint\",\"urlTemplate\":\"https:\\\/\\\/corporate.epress.fi\\\/sv\\\/?s={search_term_string}\"},\"query-input\":{\"@type\":\"PropertyValueSpecification\",\"valueRequired\":true,\"valueName\":\"search_term_string\"}}],\"inLanguage\":\"sv-SE\"},{\"@type\":\"Organization\",\"@id\":\"https:\\\/\\\/corporate.epress.fi\\\/sv\\\/#organization\",\"name\":\"ePress\u00ae\",\"url\":\"https:\\\/\\\/corporate.epress.fi\\\/sv\\\/\",\"logo\":{\"@type\":\"ImageObject\",\"inLanguage\":\"sv-SE\",\"@id\":\"https:\\\/\\\/corporate.epress.fi\\\/sv\\\/#\\\/schema\\\/logo\\\/image\\\/\",\"url\":\"https:\\\/\\\/corporate.epress.fi\\\/wp-content\\\/uploads\\\/2024\\\/10\\\/epress-logo-2024-white.png\",\"contentUrl\":\"https:\\\/\\\/corporate.epress.fi\\\/wp-content\\\/uploads\\\/2024\\\/10\\\/epress-logo-2024-white.png\",\"width\":437,\"height\":99,\"caption\":\"ePress\u00ae\"},\"image\":{\"@id\":\"https:\\\/\\\/corporate.epress.fi\\\/sv\\\/#\\\/schema\\\/logo\\\/image\\\/\"}},{\"@type\":\"Person\",\"@id\":\"https:\\\/\\\/corporate.epress.fi\\\/sv\\\/#\\\/schema\\\/person\\\/ad38cc792da02b14fbaea0b23052d8bd\",\"name\":\"ePress\",\"image\":{\"@type\":\"ImageObject\",\"inLanguage\":\"sv-SE\",\"@id\":\"https:\\\/\\\/secure.gravatar.com\\\/avatar\\\/b4768ca9abc1c1ac06d742c42cf4de16acdfacf8373f35afcd7fe86c66f64225?s=96&d=mm&r=g\",\"url\":\"https:\\\/\\\/secure.gravatar.com\\\/avatar\\\/b4768ca9abc1c1ac06d742c42cf4de16acdfacf8373f35afcd7fe86c66f64225?s=96&d=mm&r=g\",\"contentUrl\":\"https:\\\/\\\/secure.gravatar.com\\\/avatar\\\/b4768ca9abc1c1ac06d742c42cf4de16acdfacf8373f35afcd7fe86c66f64225?s=96&d=mm&r=g\",\"caption\":\"ePress\"}}]}<\/script>\n<!-- \/ Yoast SEO plugin. -->","yoast_head_json":{"title":"ePress \u00e4r nu medlem i Sveriges Tidskrifter - ePress\u00ae","robots":{"index":"index","follow":"follow","max-snippet":"max-snippet:-1","max-image-preview":"max-image-preview:large","max-video-preview":"max-video-preview:-1"},"canonical":"https:\/\/corporate.epress.fi\/sv\/epress-ar-nu-medlem-i-sveriges-tidskrifter\/","og_locale":"sv_SE","og_type":"article","og_title":"ePress \u00e4r nu medlem i Sveriges Tidskrifter - ePress\u00ae","og_description":"Vi \u00e4r glada att meddela att ePress har blivit medlem i Sveriges Tidskrifter \u2013 branschorganisationen f\u00f6r Sveriges magasin- och tidskriftsutgivare.","og_url":"https:\/\/corporate.epress.fi\/sv\/epress-ar-nu-medlem-i-sveriges-tidskrifter\/","og_site_name":"ePress\u00ae","article_published_time":"2025-04-23T05:00:13+00:00","article_modified_time":"2025-04-23T09:45:15+00:00","og_image":[{"width":437,"height":99,"url":"https:\/\/corporate.epress.fi\/wp-content\/uploads\/2024\/10\/epress-logo-2024-white.png","type":"image\/png"},{"width":1600,"height":744,"url":"https:\/\/corporate.epress.fi\/wp-content\/uploads\/2025\/04\/epress-tidskrifter-article-image.jpg","type":"image\/jpeg"}],"author":"ePress","twitter_card":"summary_large_image","twitter_misc":{"Skriven av":"ePress","Ber\u00e4knad l\u00e4stid":"1 minut"},"schema":{"@context":"https:\/\/schema.org","@graph":[{"@type":"Article","@id":"https:\/\/corporate.epress.fi\/sv\/epress-ar-nu-medlem-i-sveriges-tidskrifter\/#article","isPartOf":{"@id":"https:\/\/corporate.epress.fi\/sv\/epress-ar-nu-medlem-i-sveriges-tidskrifter\/"},"author":{"name":"ePress","@id":"https:\/\/corporate.epress.fi\/sv\/#\/schema\/person\/ad38cc792da02b14fbaea0b23052d8bd"},"headline":"ePress \u00e4r nu medlem i Sveriges Tidskrifter","datePublished":"2025-04-23T05:00:13+00:00","dateModified":"2025-04-23T09:45:15+00:00","mainEntityOfPage":{"@id":"https:\/\/corporate.epress.fi\/sv\/epress-ar-nu-medlem-i-sveriges-tidskrifter\/"},"wordCount":159,"publisher":{"@id":"https:\/\/corporate.epress.fi\/sv\/#organization"},"image":{"@id":"https:\/\/corporate.epress.fi\/sv\/epress-ar-nu-medlem-i-sveriges-tidskrifter\/#primaryimage"},"thumbnailUrl":"https:\/\/corporate.epress.fi\/wp-content\/uploads\/2025\/04\/epress-tidskrifter-article-image.jpg","articleSection":["Okategoriserad"],"inLanguage":"sv-SE"},{"@type":"WebPage","@id":"https:\/\/corporate.epress.fi\/sv\/epress-ar-nu-medlem-i-sveriges-tidskrifter\/","url":"https:\/\/corporate.epress.fi\/sv\/epress-ar-nu-medlem-i-sveriges-tidskrifter\/","name":"ePress \u00e4r nu medlem i Sveriges Tidskrifter - ePress\u00ae","isPartOf":{"@id":"https:\/\/corporate.epress.fi\/sv\/#website"},"primaryImageOfPage":{"@id":"https:\/\/corporate.epress.fi\/sv\/epress-ar-nu-medlem-i-sveriges-tidskrifter\/#primaryimage"},"image":{"@id":"https:\/\/corporate.epress.fi\/sv\/epress-ar-nu-medlem-i-sveriges-tidskrifter\/#primaryimage"},"thumbnailUrl":"https:\/\/corporate.epress.fi\/wp-content\/uploads\/2025\/04\/epress-tidskrifter-article-image.jpg","datePublished":"2025-04-23T05:00:13+00:00","dateModified":"2025-04-23T09:45:15+00:00","breadcrumb":{"@id":"https:\/\/corporate.epress.fi\/sv\/epress-ar-nu-medlem-i-sveriges-tidskrifter\/#breadcrumb"},"inLanguage":"sv-SE","potentialAction":[{"@type":"ReadAction","target":["https:\/\/corporate.epress.fi\/sv\/epress-ar-nu-medlem-i-sveriges-tidskrifter\/"]}]},{"@type":"ImageObject","inLanguage":"sv-SE","@id":"https:\/\/corporate.epress.fi\/sv\/epress-ar-nu-medlem-i-sveriges-tidskrifter\/#primaryimage","url":"https:\/\/corporate.epress.fi\/wp-content\/uploads\/2025\/04\/epress-tidskrifter-article-image.jpg","contentUrl":"https:\/\/corporate.epress.fi\/wp-content\/uploads\/2025\/04\/epress-tidskrifter-article-image.jpg","width":1600,"height":744},{"@type":"BreadcrumbList","@id":"https:\/\/corporate.epress.fi\/sv\/epress-ar-nu-medlem-i-sveriges-tidskrifter\/#breadcrumb","itemListElement":[{"@type":"ListItem","position":1,"name":"Home","item":"https:\/\/corporate.epress.fi\/sv\/"},{"@type":"ListItem","position":2,"name":"ePress \u00e4r nu medlem i Sveriges Tidskrifter"}]},{"@type":"WebSite","@id":"https:\/\/corporate.epress.fi\/sv\/#website","url":"https:\/\/corporate.epress.fi\/sv\/","name":"ePress\u00ae","description":"Kaikki lehdet yhdest\u00e4 paikasta","publisher":{"@id":"https:\/\/corporate.epress.fi\/sv\/#organization"},"potentialAction":[{"@type":"SearchAction","target":{"@type":"EntryPoint","urlTemplate":"https:\/\/corporate.epress.fi\/sv\/?s={search_term_string}"},"query-input":{"@type":"PropertyValueSpecification","valueRequired":true,"valueName":"search_term_string"}}],"inLanguage":"sv-SE"},{"@type":"Organization","@id":"https:\/\/corporate.epress.fi\/sv\/#organization","name":"ePress\u00ae","url":"https:\/\/corporate.epress.fi\/sv\/","logo":{"@type":"ImageObject","inLanguage":"sv-SE","@id":"https:\/\/corporate.epress.fi\/sv\/#\/schema\/logo\/image\/","url":"https:\/\/corporate.epress.fi\/wp-content\/uploads\/2024\/10\/epress-logo-2024-white.png","contentUrl":"https:\/\/corporate.epress.fi\/wp-content\/uploads\/2024\/10\/epress-logo-2024-white.png","width":437,"height":99,"caption":"ePress\u00ae"},"image":{"@id":"https:\/\/corporate.epress.fi\/sv\/#\/schema\/logo\/image\/"}},{"@type":"Person","@id":"https:\/\/corporate.epress.fi\/sv\/#\/schema\/person\/ad38cc792da02b14fbaea0b23052d8bd","name":"ePress","image":{"@type":"ImageObject","inLanguage":"sv-SE","@id":"https:\/\/secure.gravatar.com\/avatar\/b4768ca9abc1c1ac06d742c42cf4de16acdfacf8373f35afcd7fe86c66f64225?s=96&d=mm&r=g","url":"https:\/\/secure.gravatar.com\/avatar\/b4768ca9abc1c1ac06d742c42cf4de16acdfacf8373f35afcd7fe86c66f64225?s=96&d=mm&r=g","contentUrl":"https:\/\/secure.gravatar.com\/avatar\/b4768ca9abc1c1ac06d742c42cf4de16acdfacf8373f35afcd7fe86c66f64225?s=96&d=mm&r=g","caption":"ePress"}}]}},"_links":{"self":[{"href":"https:\/\/corporate.epress.fi\/sv\/wp-json\/wp\/v2\/posts\/11473","targetHints":{"allow":["GET"]}}],"collection":[{"href":"https:\/\/corporate.epress.fi\/sv\/wp-json\/wp\/v2\/posts"}],"about":[{"href":"https:\/\/corporate.epress.fi\/sv\/wp-json\/wp\/v2\/types\/post"}],"author":[{"embeddable":true,"href":"https:\/\/corporate.epress.fi\/sv\/wp-json\/wp\/v2\/users\/41"}],"replies":[{"embeddable":true,"href":"https:\/\/corporate.epress.fi\/sv\/wp-json\/wp\/v2\/comments?post=11473"}],"version-history":[{"count":1,"href":"https:\/\/corporate.epress.fi\/sv\/wp-json\/wp\/v2\/posts\/11473\/revisions"}],"predecessor-version":[{"id":11474,"href":"https:\/\/corporate.epress.fi\/sv\/wp-json\/wp\/v2\/posts\/11473\/revisions\/11474"}],"wp:featuredmedia":[{"embeddable":true,"href":"https:\/\/corporate.epress.fi\/sv\/wp-json\/wp\/v2\/media\/11471"}],"wp:attachment":[{"href":"https:\/\/corporate.epress.fi\/sv\/wp-json\/wp\/v2\/media?parent=11473"}],"wp:term":[{"taxonomy":"category","embeddable":true,"href":"https:\/\/corporate.epress.fi\/sv\/wp-json\/wp\/v2\/categories?post=11473"},{"taxonomy":"post_tag","embeddable":true,"href":"https:\/\/corporate.epress.fi\/sv\/wp-json\/wp\/v2\/tags?post=11473"}],"curies":[{"name":"wp","href":"https:\/\/api.w.org\/{rel}","templated":true}]}}