{"id":8872,"date":"2023-10-25T05:06:38","date_gmt":"2023-10-25T05:06:38","guid":{"rendered":"https:\/\/corporate.epress.fi\/?p=8872"},"modified":"2025-02-26T06:22:36","modified_gmt":"2025-02-26T06:22:36","slug":"epress-och-en-nationell-frisorkedja-inleder-samarbete-kring-distribution-av-digitala-tidningar","status":"publish","type":"post","link":"https:\/\/corporate.epress.fi\/sv\/epress-och-en-nationell-frisorkedja-inleder-samarbete-kring-distribution-av-digitala-tidningar\/","title":{"rendered":"ePress\u00ae och en nationell fris\u00f6rkedja inleder samarbete kring distribution av digitala tidningar"},"content":{"rendered":"\n<p>N\u00e4tverket av ePress-l\u00e4sstationer ut\u00f6kas n\u00e4r fris\u00f6rkedjan Hairlekiini b\u00f6rjar erbjuda digitala tidningar till sina kunder. Hairlekiini \u00e4r en nationell kedja med 44 salonger p\u00e5 32 orter och betj\u00e4nar tusentals kunder varje m\u00e5nad. <\/p>\n\n<p>ePress erbjuder en enkel och h\u00f6gkvalitativ l\u00e4supplevelse f\u00f6r fris\u00f6rkundernas mobiltelefoner. F\u00f6rutom digitala kopior av tryckta tidningar kan kunderna ocks\u00e5 lyssna p\u00e5 de popul\u00e4raste artiklarna eller l\u00e4sa dem som textfl\u00f6den optimerade f\u00f6r mobilsk\u00e4rmar. <\/p>\n\n<p><em><strong>\u201dePress digitala tidningstj\u00e4nst \u00e4r ett utm\u00e4rkt tillskott till v\u00e5r kundupplevelse, och v\u00e5ra kunder uppskattar tj\u00e4nsten mycket. Samtidigt slipper vi besv\u00e4ret med att v\u00e4lja, best\u00e4lla, organisera och \u00e5tervinna papperstidningar,\u201d<\/strong> s\u00e4ger Kristiina Torvinen, VD f\u00f6r Hairlekiini-kedjan.<\/em><\/p>\n\n<p><em><strong>\u201dSamarbetet med fris\u00f6rkedjan Hairlekiini \u00e4r ett utm\u00e4rkt exempel p\u00e5 hur f\u00f6retag inom servicebranschen kan f\u00f6rb\u00e4ttra sina kunders upplevelse genom att erbjuda digitala l\u00e4salternativ via ePress-tj\u00e4nsten. Med tj\u00e4nsten kan anv\u00e4ndaren sj\u00e4lv v\u00e4lja det mest intressanta inneh\u00e5llet, tidningarna och artiklarna att l\u00e4sa eller lyssna p\u00e5,\u201d <\/strong>,<\/em> s\u00e4ger Kimmo Laine fr\u00e5n ePress.<\/p>\n\n<p>Partnerskapet mellan fris\u00f6rkedjan Hairlekiini och ePress ut\u00f6kar det redan \u00f6ver 1 000 l\u00e4sstationer stora ePress-n\u00e4tverket ytterligare och \u00e4r ett utm\u00e4rkt exempel p\u00e5 det merv\u00e4rde som digitala tidningstj\u00e4nster ger till akt\u00f6rer inom servicebranschen och till inneh\u00e5llsproducenter som vill n\u00e5 l\u00e4sare.<\/p>\n\n<p>Mer information<\/p>\n\n<p>ePress\u00ae<br\/>Kimmo Laine<br\/><a href=\"mailto:kimmo@epress.fi\">kimmo@epress.fi<\/a><br\/><a href=\"tel:+358%2050%20369%203603\">+358 50 369 3603<\/a><\/p>\n","protected":false},"excerpt":{"rendered":"<p>N\u00e4tverket av ePress-l\u00e4sstationer ut\u00f6kas n\u00e4r fris\u00f6rkedjan Hairlekiini b\u00f6rjar erbjuda digitala tidningar till sina kunder. Hairlekiini \u00e4r en nationell kedja med 44 salonger p\u00e5 32 orter och betj\u00e4nar tusentals kunder varje m\u00e5nad. <\/p>\n","protected":false},"author":41,"featured_media":8670,"comment_status":"closed","ping_status":"open","sticky":false,"template":"","format":"standard","meta":{"site-sidebar-layout":"default","site-content-layout":"","ast-site-content-layout":"default","site-content-style":"default","site-sidebar-style":"default","ast-global-header-display":"","ast-banner-title-visibility":"","ast-main-header-display":"","ast-hfb-above-header-display":"","ast-hfb-below-header-display":"","ast-hfb-mobile-header-display":"","site-post-title":"","ast-breadcrumbs-content":"","ast-featured-img":"","footer-sml-layout":"","ast-disable-related-posts":"","theme-transparent-header-meta":"","adv-header-id-meta":"","stick-header-meta":"","header-above-stick-meta":"","header-main-stick-meta":"","header-below-stick-meta":"","astra-migrate-meta-layouts":"set","ast-page-background-enabled":"default","ast-page-background-meta":{"desktop":{"background-color":"","background-image":"","background-repeat":"repeat","background-position":"center center","background-size":"auto","background-attachment":"scroll","background-type":"","background-media":"","overlay-type":"","overlay-color":"","overlay-opacity":"","overlay-gradient":""},"tablet":{"background-color":"","background-image":"","background-repeat":"repeat","background-position":"center center","background-size":"auto","background-attachment":"scroll","background-type":"","background-media":"","overlay-type":"","overlay-color":"","overlay-opacity":"","overlay-gradient":""},"mobile":{"background-color":"","background-image":"","background-repeat":"repeat","background-position":"center center","background-size":"auto","background-attachment":"scroll","background-type":"","background-media":"","overlay-type":"","overlay-color":"","overlay-opacity":"","overlay-gradient":""}},"ast-content-background-meta":{"desktop":{"background-color":"var(--ast-global-color-5)","background-image":"","background-repeat":"repeat","background-position":"center center","background-size":"auto","background-attachment":"scroll","background-type":"","background-media":"","overlay-type":"","overlay-color":"","overlay-opacity":"","overlay-gradient":""},"tablet":{"background-color":"var(--ast-global-color-5)","background-image":"","background-repeat":"repeat","background-position":"center center","background-size":"auto","background-attachment":"scroll","background-type":"","background-media":"","overlay-type":"","overlay-color":"","overlay-opacity":"","overlay-gradient":""},"mobile":{"background-color":"var(--ast-global-color-5)","background-image":"","background-repeat":"repeat","background-position":"center center","background-size":"auto","background-attachment":"scroll","background-type":"","background-media":"","overlay-type":"","overlay-color":"","overlay-opacity":"","overlay-gradient":""}},"footnotes":""},"categories":[44],"tags":[],"class_list":["post-8872","post","type-post","status-publish","format-standard","has-post-thumbnail","hentry","category-okategoriserad"],"yoast_head":"<!-- This site is optimized with the Yoast SEO plugin v27.3 - https:\/\/yoast.com\/product\/yoast-seo-wordpress\/ -->\n<title>ePress\u00ae och en nationell fris\u00f6rkedja inleder samarbete kring distribution av digitala tidningar - ePress\u00ae<\/title>\n<meta name=\"description\" content=\"ePress och fris\u00f6rsalongskedjan Hairlekiini inledde ett samarbete. Kunder kan nu enkelt njuta av digitala tidningstj\u00e4nster p\u00e5 sin egen mobila enhet.\" \/>\n<meta name=\"robots\" content=\"index, follow, max-snippet:-1, max-image-preview:large, max-video-preview:-1\" \/>\n<link rel=\"canonical\" href=\"https:\/\/corporate.epress.fi\/sv\/epress-och-en-nationell-frisorkedja-inleder-samarbete-kring-distribution-av-digitala-tidningar\/\" \/>\n<meta property=\"og:locale\" content=\"sv_SE\" \/>\n<meta property=\"og:type\" content=\"article\" \/>\n<meta property=\"og:title\" content=\"ePress\u00ae och en nationell fris\u00f6rkedja inleder samarbete kring distribution av digitala tidningar - ePress\u00ae\" \/>\n<meta property=\"og:description\" content=\"ePress och fris\u00f6rsalongskedjan Hairlekiini inledde ett samarbete. Kunder kan nu enkelt njuta av digitala tidningstj\u00e4nster p\u00e5 sin egen mobila enhet.\" \/>\n<meta property=\"og:url\" content=\"https:\/\/corporate.epress.fi\/sv\/epress-och-en-nationell-frisorkedja-inleder-samarbete-kring-distribution-av-digitala-tidningar\/\" \/>\n<meta property=\"og:site_name\" content=\"ePress\u00ae\" \/>\n<meta property=\"article:published_time\" content=\"2023-10-25T05:06:38+00:00\" \/>\n<meta property=\"article:modified_time\" content=\"2025-02-26T06:22:36+00:00\" \/>\n<meta property=\"og:image\" content=\"https:\/\/corporate.epress.fi\/wp-content\/uploads\/2024\/10\/epress-logo-2024-white.png\" \/>\n\t<meta property=\"og:image:width\" content=\"437\" \/>\n\t<meta property=\"og:image:height\" content=\"99\" \/>\n\t<meta property=\"og:image:type\" content=\"image\/png\" \/><meta property=\"og:image\" content=\"https:\/\/corporate.epress.fi\/wp-content\/uploads\/2025\/01\/ajankohtaista2.jpg\" \/>\n\t<meta property=\"og:image:width\" content=\"773\" \/>\n\t<meta property=\"og:image:height\" content=\"442\" \/>\n\t<meta property=\"og:image:type\" content=\"image\/jpeg\" \/>\n<meta name=\"author\" content=\"ePress\" \/>\n<meta name=\"twitter:card\" content=\"summary_large_image\" \/>\n<meta name=\"twitter:label1\" content=\"Skriven av\" \/>\n\t<meta name=\"twitter:data1\" content=\"ePress\" \/>\n\t<meta name=\"twitter:label2\" content=\"Ber\u00e4knad l\u00e4stid\" \/>\n\t<meta name=\"twitter:data2\" content=\"2 minuter\" \/>\n<script type=\"application\/ld+json\" class=\"yoast-schema-graph\">{\"@context\":\"https:\\\/\\\/schema.org\",\"@graph\":[{\"@type\":\"Article\",\"@id\":\"https:\\\/\\\/corporate.epress.fi\\\/sv\\\/epress-och-en-nationell-frisorkedja-inleder-samarbete-kring-distribution-av-digitala-tidningar\\\/#article\",\"isPartOf\":{\"@id\":\"https:\\\/\\\/corporate.epress.fi\\\/sv\\\/epress-och-en-nationell-frisorkedja-inleder-samarbete-kring-distribution-av-digitala-tidningar\\\/\"},\"author\":{\"name\":\"ePress\",\"@id\":\"https:\\\/\\\/corporate.epress.fi\\\/sv\\\/#\\\/schema\\\/person\\\/ad38cc792da02b14fbaea0b23052d8bd\"},\"headline\":\"ePress\u00ae och en nationell fris\u00f6rkedja inleder samarbete kring distribution av digitala tidningar\",\"datePublished\":\"2023-10-25T05:06:38+00:00\",\"dateModified\":\"2025-02-26T06:22:36+00:00\",\"mainEntityOfPage\":{\"@id\":\"https:\\\/\\\/corporate.epress.fi\\\/sv\\\/epress-och-en-nationell-frisorkedja-inleder-samarbete-kring-distribution-av-digitala-tidningar\\\/\"},\"wordCount\":254,\"publisher\":{\"@id\":\"https:\\\/\\\/corporate.epress.fi\\\/sv\\\/#organization\"},\"image\":{\"@id\":\"https:\\\/\\\/corporate.epress.fi\\\/sv\\\/epress-och-en-nationell-frisorkedja-inleder-samarbete-kring-distribution-av-digitala-tidningar\\\/#primaryimage\"},\"thumbnailUrl\":\"https:\\\/\\\/corporate.epress.fi\\\/wp-content\\\/uploads\\\/2025\\\/01\\\/ajankohtaista2.jpg\",\"articleSection\":[\"Okategoriserad\"],\"inLanguage\":\"sv-SE\"},{\"@type\":\"WebPage\",\"@id\":\"https:\\\/\\\/corporate.epress.fi\\\/sv\\\/epress-och-en-nationell-frisorkedja-inleder-samarbete-kring-distribution-av-digitala-tidningar\\\/\",\"url\":\"https:\\\/\\\/corporate.epress.fi\\\/sv\\\/epress-och-en-nationell-frisorkedja-inleder-samarbete-kring-distribution-av-digitala-tidningar\\\/\",\"name\":\"ePress\u00ae och en nationell fris\u00f6rkedja inleder samarbete kring distribution av digitala tidningar - ePress\u00ae\",\"isPartOf\":{\"@id\":\"https:\\\/\\\/corporate.epress.fi\\\/sv\\\/#website\"},\"primaryImageOfPage\":{\"@id\":\"https:\\\/\\\/corporate.epress.fi\\\/sv\\\/epress-och-en-nationell-frisorkedja-inleder-samarbete-kring-distribution-av-digitala-tidningar\\\/#primaryimage\"},\"image\":{\"@id\":\"https:\\\/\\\/corporate.epress.fi\\\/sv\\\/epress-och-en-nationell-frisorkedja-inleder-samarbete-kring-distribution-av-digitala-tidningar\\\/#primaryimage\"},\"thumbnailUrl\":\"https:\\\/\\\/corporate.epress.fi\\\/wp-content\\\/uploads\\\/2025\\\/01\\\/ajankohtaista2.jpg\",\"datePublished\":\"2023-10-25T05:06:38+00:00\",\"dateModified\":\"2025-02-26T06:22:36+00:00\",\"description\":\"ePress och fris\u00f6rsalongskedjan Hairlekiini inledde ett samarbete. Kunder kan nu enkelt njuta av digitala tidningstj\u00e4nster p\u00e5 sin egen mobila enhet.\",\"breadcrumb\":{\"@id\":\"https:\\\/\\\/corporate.epress.fi\\\/sv\\\/epress-och-en-nationell-frisorkedja-inleder-samarbete-kring-distribution-av-digitala-tidningar\\\/#breadcrumb\"},\"inLanguage\":\"sv-SE\",\"potentialAction\":[{\"@type\":\"ReadAction\",\"target\":[\"https:\\\/\\\/corporate.epress.fi\\\/sv\\\/epress-och-en-nationell-frisorkedja-inleder-samarbete-kring-distribution-av-digitala-tidningar\\\/\"]}]},{\"@type\":\"ImageObject\",\"inLanguage\":\"sv-SE\",\"@id\":\"https:\\\/\\\/corporate.epress.fi\\\/sv\\\/epress-och-en-nationell-frisorkedja-inleder-samarbete-kring-distribution-av-digitala-tidningar\\\/#primaryimage\",\"url\":\"https:\\\/\\\/corporate.epress.fi\\\/wp-content\\\/uploads\\\/2025\\\/01\\\/ajankohtaista2.jpg\",\"contentUrl\":\"https:\\\/\\\/corporate.epress.fi\\\/wp-content\\\/uploads\\\/2025\\\/01\\\/ajankohtaista2.jpg\",\"width\":773,\"height\":442},{\"@type\":\"BreadcrumbList\",\"@id\":\"https:\\\/\\\/corporate.epress.fi\\\/sv\\\/epress-och-en-nationell-frisorkedja-inleder-samarbete-kring-distribution-av-digitala-tidningar\\\/#breadcrumb\",\"itemListElement\":[{\"@type\":\"ListItem\",\"position\":1,\"name\":\"Home\",\"item\":\"https:\\\/\\\/corporate.epress.fi\\\/sv\\\/\"},{\"@type\":\"ListItem\",\"position\":2,\"name\":\"ePress\u00ae och en nationell fris\u00f6rkedja inleder samarbete kring distribution av digitala tidningar\"}]},{\"@type\":\"WebSite\",\"@id\":\"https:\\\/\\\/corporate.epress.fi\\\/sv\\\/#website\",\"url\":\"https:\\\/\\\/corporate.epress.fi\\\/sv\\\/\",\"name\":\"ePress\u00ae\",\"description\":\"Kaikki lehdet yhdest\u00e4 paikasta\",\"publisher\":{\"@id\":\"https:\\\/\\\/corporate.epress.fi\\\/sv\\\/#organization\"},\"potentialAction\":[{\"@type\":\"SearchAction\",\"target\":{\"@type\":\"EntryPoint\",\"urlTemplate\":\"https:\\\/\\\/corporate.epress.fi\\\/sv\\\/?s={search_term_string}\"},\"query-input\":{\"@type\":\"PropertyValueSpecification\",\"valueRequired\":true,\"valueName\":\"search_term_string\"}}],\"inLanguage\":\"sv-SE\"},{\"@type\":\"Organization\",\"@id\":\"https:\\\/\\\/corporate.epress.fi\\\/sv\\\/#organization\",\"name\":\"ePress\u00ae\",\"url\":\"https:\\\/\\\/corporate.epress.fi\\\/sv\\\/\",\"logo\":{\"@type\":\"ImageObject\",\"inLanguage\":\"sv-SE\",\"@id\":\"https:\\\/\\\/corporate.epress.fi\\\/sv\\\/#\\\/schema\\\/logo\\\/image\\\/\",\"url\":\"https:\\\/\\\/corporate.epress.fi\\\/wp-content\\\/uploads\\\/2024\\\/10\\\/epress-logo-2024-white.png\",\"contentUrl\":\"https:\\\/\\\/corporate.epress.fi\\\/wp-content\\\/uploads\\\/2024\\\/10\\\/epress-logo-2024-white.png\",\"width\":437,\"height\":99,\"caption\":\"ePress\u00ae\"},\"image\":{\"@id\":\"https:\\\/\\\/corporate.epress.fi\\\/sv\\\/#\\\/schema\\\/logo\\\/image\\\/\"}},{\"@type\":\"Person\",\"@id\":\"https:\\\/\\\/corporate.epress.fi\\\/sv\\\/#\\\/schema\\\/person\\\/ad38cc792da02b14fbaea0b23052d8bd\",\"name\":\"ePress\",\"image\":{\"@type\":\"ImageObject\",\"inLanguage\":\"sv-SE\",\"@id\":\"https:\\\/\\\/secure.gravatar.com\\\/avatar\\\/b4768ca9abc1c1ac06d742c42cf4de16acdfacf8373f35afcd7fe86c66f64225?s=96&d=mm&r=g\",\"url\":\"https:\\\/\\\/secure.gravatar.com\\\/avatar\\\/b4768ca9abc1c1ac06d742c42cf4de16acdfacf8373f35afcd7fe86c66f64225?s=96&d=mm&r=g\",\"contentUrl\":\"https:\\\/\\\/secure.gravatar.com\\\/avatar\\\/b4768ca9abc1c1ac06d742c42cf4de16acdfacf8373f35afcd7fe86c66f64225?s=96&d=mm&r=g\",\"caption\":\"ePress\"}}]}<\/script>\n<!-- \/ Yoast SEO plugin. -->","yoast_head_json":{"title":"ePress\u00ae och en nationell fris\u00f6rkedja inleder samarbete kring distribution av digitala tidningar - ePress\u00ae","description":"ePress och fris\u00f6rsalongskedjan Hairlekiini inledde ett samarbete. Kunder kan nu enkelt njuta av digitala tidningstj\u00e4nster p\u00e5 sin egen mobila enhet.","robots":{"index":"index","follow":"follow","max-snippet":"max-snippet:-1","max-image-preview":"max-image-preview:large","max-video-preview":"max-video-preview:-1"},"canonical":"https:\/\/corporate.epress.fi\/sv\/epress-och-en-nationell-frisorkedja-inleder-samarbete-kring-distribution-av-digitala-tidningar\/","og_locale":"sv_SE","og_type":"article","og_title":"ePress\u00ae och en nationell fris\u00f6rkedja inleder samarbete kring distribution av digitala tidningar - ePress\u00ae","og_description":"ePress och fris\u00f6rsalongskedjan Hairlekiini inledde ett samarbete. Kunder kan nu enkelt njuta av digitala tidningstj\u00e4nster p\u00e5 sin egen mobila enhet.","og_url":"https:\/\/corporate.epress.fi\/sv\/epress-och-en-nationell-frisorkedja-inleder-samarbete-kring-distribution-av-digitala-tidningar\/","og_site_name":"ePress\u00ae","article_published_time":"2023-10-25T05:06:38+00:00","article_modified_time":"2025-02-26T06:22:36+00:00","og_image":[{"width":437,"height":99,"url":"https:\/\/corporate.epress.fi\/wp-content\/uploads\/2024\/10\/epress-logo-2024-white.png","type":"image\/png"},{"width":773,"height":442,"url":"https:\/\/corporate.epress.fi\/wp-content\/uploads\/2025\/01\/ajankohtaista2.jpg","type":"image\/jpeg"}],"author":"ePress","twitter_card":"summary_large_image","twitter_misc":{"Skriven av":"ePress","Ber\u00e4knad l\u00e4stid":"2 minuter"},"schema":{"@context":"https:\/\/schema.org","@graph":[{"@type":"Article","@id":"https:\/\/corporate.epress.fi\/sv\/epress-och-en-nationell-frisorkedja-inleder-samarbete-kring-distribution-av-digitala-tidningar\/#article","isPartOf":{"@id":"https:\/\/corporate.epress.fi\/sv\/epress-och-en-nationell-frisorkedja-inleder-samarbete-kring-distribution-av-digitala-tidningar\/"},"author":{"name":"ePress","@id":"https:\/\/corporate.epress.fi\/sv\/#\/schema\/person\/ad38cc792da02b14fbaea0b23052d8bd"},"headline":"ePress\u00ae och en nationell fris\u00f6rkedja inleder samarbete kring distribution av digitala tidningar","datePublished":"2023-10-25T05:06:38+00:00","dateModified":"2025-02-26T06:22:36+00:00","mainEntityOfPage":{"@id":"https:\/\/corporate.epress.fi\/sv\/epress-och-en-nationell-frisorkedja-inleder-samarbete-kring-distribution-av-digitala-tidningar\/"},"wordCount":254,"publisher":{"@id":"https:\/\/corporate.epress.fi\/sv\/#organization"},"image":{"@id":"https:\/\/corporate.epress.fi\/sv\/epress-och-en-nationell-frisorkedja-inleder-samarbete-kring-distribution-av-digitala-tidningar\/#primaryimage"},"thumbnailUrl":"https:\/\/corporate.epress.fi\/wp-content\/uploads\/2025\/01\/ajankohtaista2.jpg","articleSection":["Okategoriserad"],"inLanguage":"sv-SE"},{"@type":"WebPage","@id":"https:\/\/corporate.epress.fi\/sv\/epress-och-en-nationell-frisorkedja-inleder-samarbete-kring-distribution-av-digitala-tidningar\/","url":"https:\/\/corporate.epress.fi\/sv\/epress-och-en-nationell-frisorkedja-inleder-samarbete-kring-distribution-av-digitala-tidningar\/","name":"ePress\u00ae och en nationell fris\u00f6rkedja inleder samarbete kring distribution av digitala tidningar - ePress\u00ae","isPartOf":{"@id":"https:\/\/corporate.epress.fi\/sv\/#website"},"primaryImageOfPage":{"@id":"https:\/\/corporate.epress.fi\/sv\/epress-och-en-nationell-frisorkedja-inleder-samarbete-kring-distribution-av-digitala-tidningar\/#primaryimage"},"image":{"@id":"https:\/\/corporate.epress.fi\/sv\/epress-och-en-nationell-frisorkedja-inleder-samarbete-kring-distribution-av-digitala-tidningar\/#primaryimage"},"thumbnailUrl":"https:\/\/corporate.epress.fi\/wp-content\/uploads\/2025\/01\/ajankohtaista2.jpg","datePublished":"2023-10-25T05:06:38+00:00","dateModified":"2025-02-26T06:22:36+00:00","description":"ePress och fris\u00f6rsalongskedjan Hairlekiini inledde ett samarbete. Kunder kan nu enkelt njuta av digitala tidningstj\u00e4nster p\u00e5 sin egen mobila enhet.","breadcrumb":{"@id":"https:\/\/corporate.epress.fi\/sv\/epress-och-en-nationell-frisorkedja-inleder-samarbete-kring-distribution-av-digitala-tidningar\/#breadcrumb"},"inLanguage":"sv-SE","potentialAction":[{"@type":"ReadAction","target":["https:\/\/corporate.epress.fi\/sv\/epress-och-en-nationell-frisorkedja-inleder-samarbete-kring-distribution-av-digitala-tidningar\/"]}]},{"@type":"ImageObject","inLanguage":"sv-SE","@id":"https:\/\/corporate.epress.fi\/sv\/epress-och-en-nationell-frisorkedja-inleder-samarbete-kring-distribution-av-digitala-tidningar\/#primaryimage","url":"https:\/\/corporate.epress.fi\/wp-content\/uploads\/2025\/01\/ajankohtaista2.jpg","contentUrl":"https:\/\/corporate.epress.fi\/wp-content\/uploads\/2025\/01\/ajankohtaista2.jpg","width":773,"height":442},{"@type":"BreadcrumbList","@id":"https:\/\/corporate.epress.fi\/sv\/epress-och-en-nationell-frisorkedja-inleder-samarbete-kring-distribution-av-digitala-tidningar\/#breadcrumb","itemListElement":[{"@type":"ListItem","position":1,"name":"Home","item":"https:\/\/corporate.epress.fi\/sv\/"},{"@type":"ListItem","position":2,"name":"ePress\u00ae och en nationell fris\u00f6rkedja inleder samarbete kring distribution av digitala tidningar"}]},{"@type":"WebSite","@id":"https:\/\/corporate.epress.fi\/sv\/#website","url":"https:\/\/corporate.epress.fi\/sv\/","name":"ePress\u00ae","description":"Kaikki lehdet yhdest\u00e4 paikasta","publisher":{"@id":"https:\/\/corporate.epress.fi\/sv\/#organization"},"potentialAction":[{"@type":"SearchAction","target":{"@type":"EntryPoint","urlTemplate":"https:\/\/corporate.epress.fi\/sv\/?s={search_term_string}"},"query-input":{"@type":"PropertyValueSpecification","valueRequired":true,"valueName":"search_term_string"}}],"inLanguage":"sv-SE"},{"@type":"Organization","@id":"https:\/\/corporate.epress.fi\/sv\/#organization","name":"ePress\u00ae","url":"https:\/\/corporate.epress.fi\/sv\/","logo":{"@type":"ImageObject","inLanguage":"sv-SE","@id":"https:\/\/corporate.epress.fi\/sv\/#\/schema\/logo\/image\/","url":"https:\/\/corporate.epress.fi\/wp-content\/uploads\/2024\/10\/epress-logo-2024-white.png","contentUrl":"https:\/\/corporate.epress.fi\/wp-content\/uploads\/2024\/10\/epress-logo-2024-white.png","width":437,"height":99,"caption":"ePress\u00ae"},"image":{"@id":"https:\/\/corporate.epress.fi\/sv\/#\/schema\/logo\/image\/"}},{"@type":"Person","@id":"https:\/\/corporate.epress.fi\/sv\/#\/schema\/person\/ad38cc792da02b14fbaea0b23052d8bd","name":"ePress","image":{"@type":"ImageObject","inLanguage":"sv-SE","@id":"https:\/\/secure.gravatar.com\/avatar\/b4768ca9abc1c1ac06d742c42cf4de16acdfacf8373f35afcd7fe86c66f64225?s=96&d=mm&r=g","url":"https:\/\/secure.gravatar.com\/avatar\/b4768ca9abc1c1ac06d742c42cf4de16acdfacf8373f35afcd7fe86c66f64225?s=96&d=mm&r=g","contentUrl":"https:\/\/secure.gravatar.com\/avatar\/b4768ca9abc1c1ac06d742c42cf4de16acdfacf8373f35afcd7fe86c66f64225?s=96&d=mm&r=g","caption":"ePress"}}]}},"_links":{"self":[{"href":"https:\/\/corporate.epress.fi\/sv\/wp-json\/wp\/v2\/posts\/8872","targetHints":{"allow":["GET"]}}],"collection":[{"href":"https:\/\/corporate.epress.fi\/sv\/wp-json\/wp\/v2\/posts"}],"about":[{"href":"https:\/\/corporate.epress.fi\/sv\/wp-json\/wp\/v2\/types\/post"}],"author":[{"embeddable":true,"href":"https:\/\/corporate.epress.fi\/sv\/wp-json\/wp\/v2\/users\/41"}],"replies":[{"embeddable":true,"href":"https:\/\/corporate.epress.fi\/sv\/wp-json\/wp\/v2\/comments?post=8872"}],"version-history":[{"count":4,"href":"https:\/\/corporate.epress.fi\/sv\/wp-json\/wp\/v2\/posts\/8872\/revisions"}],"predecessor-version":[{"id":10586,"href":"https:\/\/corporate.epress.fi\/sv\/wp-json\/wp\/v2\/posts\/8872\/revisions\/10586"}],"wp:featuredmedia":[{"embeddable":true,"href":"https:\/\/corporate.epress.fi\/sv\/wp-json\/wp\/v2\/media\/8670"}],"wp:attachment":[{"href":"https:\/\/corporate.epress.fi\/sv\/wp-json\/wp\/v2\/media?parent=8872"}],"wp:term":[{"taxonomy":"category","embeddable":true,"href":"https:\/\/corporate.epress.fi\/sv\/wp-json\/wp\/v2\/categories?post=8872"},{"taxonomy":"post_tag","embeddable":true,"href":"https:\/\/corporate.epress.fi\/sv\/wp-json\/wp\/v2\/tags?post=8872"}],"curies":[{"name":"wp","href":"https:\/\/api.w.org\/{rel}","templated":true}]}}