{"id":8882,"date":"2023-08-21T05:05:04","date_gmt":"2023-08-21T05:05:04","guid":{"rendered":"https:\/\/corporate.epress.fi\/?p=8882"},"modified":"2025-02-26T06:09:51","modified_gmt":"2025-02-26T06:09:51","slug":"epress-och-hublet-inleder-samarbete-kring-distribution-av-digitala-tidningar","status":"publish","type":"post","link":"https:\/\/corporate.epress.fi\/sv\/epress-och-hublet-inleder-samarbete-kring-distribution-av-digitala-tidningar\/","title":{"rendered":"ePress\u00ae och hublet inleder samarbete kring distribution av digitala tidningar"},"content":{"rendered":"\n<p><strong>ePress\u00ae och Hublet har inlett ett partnerskap f\u00f6r distribution av ePress digitala tidningstj\u00e4nst som en del av Hublets inneh\u00e5lls- och tj\u00e4nsteutbud f\u00f6r sj\u00e4lvbetj\u00e4ningstabletter som kan l\u00e5nas. Samarbetet g\u00f6r det m\u00f6jligt f\u00f6r Hublets anv\u00e4ndare att ta del av ePress utbud av hundratals digitala tidningar och magasin, b\u00e5de som digitala kopior och som ljudversioner. <\/strong><\/p>\n\n<p>Hublet \u00e4r en sj\u00e4lvbetj\u00e4ningsl\u00f6sning f\u00f6r utl\u00e5ning av surfplattor, som kr\u00e4ver minimala IT-kunskaper f\u00f6r installation och daglig hantering, vilket g\u00f6r det enkelt att erbjuda digitalt inneh\u00e5ll. L\u00f6sningen anv\u00e4nds globalt inom flera sektorer, som bibliotek, sjukhus och h\u00e4lsov\u00e5rdstj\u00e4nster, museer och vetenskapscenter, samt inom underh\u00e5llnings- och restaurangbranscherna. <\/p>\n\n<p>\u201d<em>Hublet \u00e4r mycket mer \u00e4n bara en surfplatta. Det \u00e4r en l\u00f6sning som ger anv\u00e4ndaren sj\u00e4lvbetj\u00e4ningstillg\u00e5ng till olika digitala inneh\u00e5ll och tj\u00e4nster. Samarbetet med ePress g\u00f6r det m\u00f6jligt f\u00f6r oss att erbjuda v\u00e5ra anv\u00e4ndare tillg\u00e5ng till ett brett urval av hundratals tidningar och magasin, b\u00e5de som digitala kopior och som ljudversioner. Detta st\u00f6der v\u00e5rt m\u00e5l att kontinuerligt utveckla inneh\u00e5llet och tj\u00e4nsterna p\u00e5 Hublet-tabletterna,   <\/em>\u201d s\u00e4ger <strong>Jukka Salonen<\/strong> fr\u00e5n Hublet.<\/p>\n\n<p><em>\u201cSamarbetet med Hublet st\u00e4rker ePress multikanalstrategi f\u00f6r distribution av digitalt material. Partnerskapet ut\u00f6kar \u00e4ven det redan omfattande n\u00e4tverket av \u00f6ver 1 000 ePress-l\u00e4sstationer,\u201d <\/em> kommenterar <strong>Kimmo Laine<\/strong> fr\u00e5n ePress.<\/p>\n\n<p>Mer information:<\/p>\n\n<p>ePress\u00ae<br\/>Kimmo Laine<br\/><a href=\"mailto:kimmo@epress.fi\">kimmo@epress.fi<\/a><br\/>+358 50 369 3603<\/p>\n\n<p>Hublet Oy<br\/>Jukka Salonen<br\/>Sales Director<br\/><a href=\"mailto:jukka.salonen@hublet.fi\">F\u00f6rs\u00e4ljningsdirekt\u00f6r<\/a><br\/><a>+358 50 377 0335<\/a><\/p>\n","protected":false},"excerpt":{"rendered":"<p>ePress\u00ae och Hublet har inlett ett partnerskap f\u00f6r distribution av ePress digitala tidningstj\u00e4nst som en del av Hublets inneh\u00e5lls- och tj\u00e4nsteutbud f\u00f6r sj\u00e4lvbetj\u00e4ningstabletter som kan l\u00e5nas. Samarbetet g\u00f6r det m\u00f6jligt f\u00f6r Hublets anv\u00e4ndare att ta del av ePress utbud av hundratals digitala tidningar och magasin, b\u00e5de som digitala kopior och som ljudversioner. <\/p>\n","protected":false},"author":41,"featured_media":8666,"comment_status":"closed","ping_status":"open","sticky":false,"template":"","format":"standard","meta":{"site-sidebar-layout":"default","site-content-layout":"","ast-site-content-layout":"default","site-content-style":"default","site-sidebar-style":"default","ast-global-header-display":"","ast-banner-title-visibility":"","ast-main-header-display":"","ast-hfb-above-header-display":"","ast-hfb-below-header-display":"","ast-hfb-mobile-header-display":"","site-post-title":"","ast-breadcrumbs-content":"","ast-featured-img":"","footer-sml-layout":"","ast-disable-related-posts":"","theme-transparent-header-meta":"","adv-header-id-meta":"","stick-header-meta":"","header-above-stick-meta":"","header-main-stick-meta":"","header-below-stick-meta":"","astra-migrate-meta-layouts":"set","ast-page-background-enabled":"default","ast-page-background-meta":{"desktop":{"background-color":"","background-image":"","background-repeat":"repeat","background-position":"center center","background-size":"auto","background-attachment":"scroll","background-type":"","background-media":"","overlay-type":"","overlay-color":"","overlay-opacity":"","overlay-gradient":""},"tablet":{"background-color":"","background-image":"","background-repeat":"repeat","background-position":"center center","background-size":"auto","background-attachment":"scroll","background-type":"","background-media":"","overlay-type":"","overlay-color":"","overlay-opacity":"","overlay-gradient":""},"mobile":{"background-color":"","background-image":"","background-repeat":"repeat","background-position":"center center","background-size":"auto","background-attachment":"scroll","background-type":"","background-media":"","overlay-type":"","overlay-color":"","overlay-opacity":"","overlay-gradient":""}},"ast-content-background-meta":{"desktop":{"background-color":"var(--ast-global-color-5)","background-image":"","background-repeat":"repeat","background-position":"center center","background-size":"auto","background-attachment":"scroll","background-type":"","background-media":"","overlay-type":"","overlay-color":"","overlay-opacity":"","overlay-gradient":""},"tablet":{"background-color":"var(--ast-global-color-5)","background-image":"","background-repeat":"repeat","background-position":"center center","background-size":"auto","background-attachment":"scroll","background-type":"","background-media":"","overlay-type":"","overlay-color":"","overlay-opacity":"","overlay-gradient":""},"mobile":{"background-color":"var(--ast-global-color-5)","background-image":"","background-repeat":"repeat","background-position":"center center","background-size":"auto","background-attachment":"scroll","background-type":"","background-media":"","overlay-type":"","overlay-color":"","overlay-opacity":"","overlay-gradient":""}},"footnotes":""},"categories":[44],"tags":[],"class_list":["post-8882","post","type-post","status-publish","format-standard","has-post-thumbnail","hentry","category-okategoriserad"],"yoast_head":"<!-- This site is optimized with the Yoast SEO plugin v27.3 - https:\/\/yoast.com\/product\/yoast-seo-wordpress\/ -->\n<title>ePress\u00ae och hublet inleder samarbete kring distribution av digitala tidningar - ePress\u00ae<\/title>\n<meta name=\"description\" content=\"ePress\u00ae och Hublet har inlett ett partnerskap f\u00f6r distribution av ePress digitala tidningstj\u00e4nst som en del av Hublets inneh\u00e5lls- och tj\u00e4nsteutbud f\u00f6r sj\u00e4lvbetj\u00e4ningstabletter som kan l\u00e5nas.\" \/>\n<meta name=\"robots\" content=\"index, follow, max-snippet:-1, max-image-preview:large, max-video-preview:-1\" \/>\n<link rel=\"canonical\" href=\"https:\/\/corporate.epress.fi\/sv\/epress-och-hublet-inleder-samarbete-kring-distribution-av-digitala-tidningar\/\" \/>\n<meta property=\"og:locale\" content=\"sv_SE\" \/>\n<meta property=\"og:type\" content=\"article\" \/>\n<meta property=\"og:title\" content=\"ePress\u00ae och hublet inleder samarbete kring distribution av digitala tidningar - ePress\u00ae\" \/>\n<meta property=\"og:description\" content=\"ePress\u00ae och Hublet har inlett ett partnerskap f\u00f6r distribution av ePress digitala tidningstj\u00e4nst som en del av Hublets inneh\u00e5lls- och tj\u00e4nsteutbud f\u00f6r sj\u00e4lvbetj\u00e4ningstabletter som kan l\u00e5nas.\" \/>\n<meta property=\"og:url\" content=\"https:\/\/corporate.epress.fi\/sv\/epress-och-hublet-inleder-samarbete-kring-distribution-av-digitala-tidningar\/\" \/>\n<meta property=\"og:site_name\" content=\"ePress\u00ae\" \/>\n<meta property=\"article:published_time\" content=\"2023-08-21T05:05:04+00:00\" \/>\n<meta property=\"article:modified_time\" content=\"2025-02-26T06:09:51+00:00\" \/>\n<meta property=\"og:image\" content=\"https:\/\/corporate.epress.fi\/wp-content\/uploads\/2024\/10\/epress-logo-2024-white.png\" \/>\n\t<meta property=\"og:image:width\" content=\"437\" \/>\n\t<meta property=\"og:image:height\" content=\"99\" \/>\n\t<meta property=\"og:image:type\" content=\"image\/png\" \/><meta property=\"og:image\" content=\"https:\/\/corporate.epress.fi\/wp-content\/uploads\/2025\/01\/hublet.webp\" \/>\n\t<meta property=\"og:image:width\" content=\"1024\" \/>\n\t<meta property=\"og:image:height\" content=\"512\" \/>\n\t<meta property=\"og:image:type\" content=\"image\/webp\" \/>\n<meta name=\"author\" content=\"ePress\" \/>\n<meta name=\"twitter:card\" content=\"summary_large_image\" \/>\n<meta name=\"twitter:label1\" content=\"Skriven av\" \/>\n\t<meta name=\"twitter:data1\" content=\"ePress\" \/>\n\t<meta name=\"twitter:label2\" content=\"Ber\u00e4knad l\u00e4stid\" \/>\n\t<meta name=\"twitter:data2\" content=\"2 minuter\" \/>\n<script type=\"application\/ld+json\" class=\"yoast-schema-graph\">{\"@context\":\"https:\\\/\\\/schema.org\",\"@graph\":[{\"@type\":\"Article\",\"@id\":\"https:\\\/\\\/corporate.epress.fi\\\/sv\\\/epress-och-hublet-inleder-samarbete-kring-distribution-av-digitala-tidningar\\\/#article\",\"isPartOf\":{\"@id\":\"https:\\\/\\\/corporate.epress.fi\\\/sv\\\/epress-och-hublet-inleder-samarbete-kring-distribution-av-digitala-tidningar\\\/\"},\"author\":{\"name\":\"ePress\",\"@id\":\"https:\\\/\\\/corporate.epress.fi\\\/sv\\\/#\\\/schema\\\/person\\\/ad38cc792da02b14fbaea0b23052d8bd\"},\"headline\":\"ePress\u00ae och hublet inleder samarbete kring distribution av digitala tidningar\",\"datePublished\":\"2023-08-21T05:05:04+00:00\",\"dateModified\":\"2025-02-26T06:09:51+00:00\",\"mainEntityOfPage\":{\"@id\":\"https:\\\/\\\/corporate.epress.fi\\\/sv\\\/epress-och-hublet-inleder-samarbete-kring-distribution-av-digitala-tidningar\\\/\"},\"wordCount\":271,\"publisher\":{\"@id\":\"https:\\\/\\\/corporate.epress.fi\\\/sv\\\/#organization\"},\"image\":{\"@id\":\"https:\\\/\\\/corporate.epress.fi\\\/sv\\\/epress-och-hublet-inleder-samarbete-kring-distribution-av-digitala-tidningar\\\/#primaryimage\"},\"thumbnailUrl\":\"https:\\\/\\\/corporate.epress.fi\\\/wp-content\\\/uploads\\\/2025\\\/01\\\/hublet.webp\",\"articleSection\":[\"Okategoriserad\"],\"inLanguage\":\"sv-SE\"},{\"@type\":\"WebPage\",\"@id\":\"https:\\\/\\\/corporate.epress.fi\\\/sv\\\/epress-och-hublet-inleder-samarbete-kring-distribution-av-digitala-tidningar\\\/\",\"url\":\"https:\\\/\\\/corporate.epress.fi\\\/sv\\\/epress-och-hublet-inleder-samarbete-kring-distribution-av-digitala-tidningar\\\/\",\"name\":\"ePress\u00ae och hublet inleder samarbete kring distribution av digitala tidningar - ePress\u00ae\",\"isPartOf\":{\"@id\":\"https:\\\/\\\/corporate.epress.fi\\\/sv\\\/#website\"},\"primaryImageOfPage\":{\"@id\":\"https:\\\/\\\/corporate.epress.fi\\\/sv\\\/epress-och-hublet-inleder-samarbete-kring-distribution-av-digitala-tidningar\\\/#primaryimage\"},\"image\":{\"@id\":\"https:\\\/\\\/corporate.epress.fi\\\/sv\\\/epress-och-hublet-inleder-samarbete-kring-distribution-av-digitala-tidningar\\\/#primaryimage\"},\"thumbnailUrl\":\"https:\\\/\\\/corporate.epress.fi\\\/wp-content\\\/uploads\\\/2025\\\/01\\\/hublet.webp\",\"datePublished\":\"2023-08-21T05:05:04+00:00\",\"dateModified\":\"2025-02-26T06:09:51+00:00\",\"description\":\"ePress\u00ae och Hublet har inlett ett partnerskap f\u00f6r distribution av ePress digitala tidningstj\u00e4nst som en del av Hublets inneh\u00e5lls- och tj\u00e4nsteutbud f\u00f6r sj\u00e4lvbetj\u00e4ningstabletter som kan l\u00e5nas.\",\"breadcrumb\":{\"@id\":\"https:\\\/\\\/corporate.epress.fi\\\/sv\\\/epress-och-hublet-inleder-samarbete-kring-distribution-av-digitala-tidningar\\\/#breadcrumb\"},\"inLanguage\":\"sv-SE\",\"potentialAction\":[{\"@type\":\"ReadAction\",\"target\":[\"https:\\\/\\\/corporate.epress.fi\\\/sv\\\/epress-och-hublet-inleder-samarbete-kring-distribution-av-digitala-tidningar\\\/\"]}]},{\"@type\":\"ImageObject\",\"inLanguage\":\"sv-SE\",\"@id\":\"https:\\\/\\\/corporate.epress.fi\\\/sv\\\/epress-och-hublet-inleder-samarbete-kring-distribution-av-digitala-tidningar\\\/#primaryimage\",\"url\":\"https:\\\/\\\/corporate.epress.fi\\\/wp-content\\\/uploads\\\/2025\\\/01\\\/hublet.webp\",\"contentUrl\":\"https:\\\/\\\/corporate.epress.fi\\\/wp-content\\\/uploads\\\/2025\\\/01\\\/hublet.webp\",\"width\":1024,\"height\":512},{\"@type\":\"BreadcrumbList\",\"@id\":\"https:\\\/\\\/corporate.epress.fi\\\/sv\\\/epress-och-hublet-inleder-samarbete-kring-distribution-av-digitala-tidningar\\\/#breadcrumb\",\"itemListElement\":[{\"@type\":\"ListItem\",\"position\":1,\"name\":\"Home\",\"item\":\"https:\\\/\\\/corporate.epress.fi\\\/sv\\\/\"},{\"@type\":\"ListItem\",\"position\":2,\"name\":\"ePress\u00ae och hublet inleder samarbete kring distribution av digitala tidningar\"}]},{\"@type\":\"WebSite\",\"@id\":\"https:\\\/\\\/corporate.epress.fi\\\/sv\\\/#website\",\"url\":\"https:\\\/\\\/corporate.epress.fi\\\/sv\\\/\",\"name\":\"ePress\u00ae\",\"description\":\"Kaikki lehdet yhdest\u00e4 paikasta\",\"publisher\":{\"@id\":\"https:\\\/\\\/corporate.epress.fi\\\/sv\\\/#organization\"},\"potentialAction\":[{\"@type\":\"SearchAction\",\"target\":{\"@type\":\"EntryPoint\",\"urlTemplate\":\"https:\\\/\\\/corporate.epress.fi\\\/sv\\\/?s={search_term_string}\"},\"query-input\":{\"@type\":\"PropertyValueSpecification\",\"valueRequired\":true,\"valueName\":\"search_term_string\"}}],\"inLanguage\":\"sv-SE\"},{\"@type\":\"Organization\",\"@id\":\"https:\\\/\\\/corporate.epress.fi\\\/sv\\\/#organization\",\"name\":\"ePress\u00ae\",\"url\":\"https:\\\/\\\/corporate.epress.fi\\\/sv\\\/\",\"logo\":{\"@type\":\"ImageObject\",\"inLanguage\":\"sv-SE\",\"@id\":\"https:\\\/\\\/corporate.epress.fi\\\/sv\\\/#\\\/schema\\\/logo\\\/image\\\/\",\"url\":\"https:\\\/\\\/corporate.epress.fi\\\/wp-content\\\/uploads\\\/2024\\\/10\\\/epress-logo-2024-white.png\",\"contentUrl\":\"https:\\\/\\\/corporate.epress.fi\\\/wp-content\\\/uploads\\\/2024\\\/10\\\/epress-logo-2024-white.png\",\"width\":437,\"height\":99,\"caption\":\"ePress\u00ae\"},\"image\":{\"@id\":\"https:\\\/\\\/corporate.epress.fi\\\/sv\\\/#\\\/schema\\\/logo\\\/image\\\/\"}},{\"@type\":\"Person\",\"@id\":\"https:\\\/\\\/corporate.epress.fi\\\/sv\\\/#\\\/schema\\\/person\\\/ad38cc792da02b14fbaea0b23052d8bd\",\"name\":\"ePress\",\"image\":{\"@type\":\"ImageObject\",\"inLanguage\":\"sv-SE\",\"@id\":\"https:\\\/\\\/secure.gravatar.com\\\/avatar\\\/b4768ca9abc1c1ac06d742c42cf4de16acdfacf8373f35afcd7fe86c66f64225?s=96&d=mm&r=g\",\"url\":\"https:\\\/\\\/secure.gravatar.com\\\/avatar\\\/b4768ca9abc1c1ac06d742c42cf4de16acdfacf8373f35afcd7fe86c66f64225?s=96&d=mm&r=g\",\"contentUrl\":\"https:\\\/\\\/secure.gravatar.com\\\/avatar\\\/b4768ca9abc1c1ac06d742c42cf4de16acdfacf8373f35afcd7fe86c66f64225?s=96&d=mm&r=g\",\"caption\":\"ePress\"}}]}<\/script>\n<!-- \/ Yoast SEO plugin. -->","yoast_head_json":{"title":"ePress\u00ae och hublet inleder samarbete kring distribution av digitala tidningar - ePress\u00ae","description":"ePress\u00ae och Hublet har inlett ett partnerskap f\u00f6r distribution av ePress digitala tidningstj\u00e4nst som en del av Hublets inneh\u00e5lls- och tj\u00e4nsteutbud f\u00f6r sj\u00e4lvbetj\u00e4ningstabletter som kan l\u00e5nas.","robots":{"index":"index","follow":"follow","max-snippet":"max-snippet:-1","max-image-preview":"max-image-preview:large","max-video-preview":"max-video-preview:-1"},"canonical":"https:\/\/corporate.epress.fi\/sv\/epress-och-hublet-inleder-samarbete-kring-distribution-av-digitala-tidningar\/","og_locale":"sv_SE","og_type":"article","og_title":"ePress\u00ae och hublet inleder samarbete kring distribution av digitala tidningar - ePress\u00ae","og_description":"ePress\u00ae och Hublet har inlett ett partnerskap f\u00f6r distribution av ePress digitala tidningstj\u00e4nst som en del av Hublets inneh\u00e5lls- och tj\u00e4nsteutbud f\u00f6r sj\u00e4lvbetj\u00e4ningstabletter som kan l\u00e5nas.","og_url":"https:\/\/corporate.epress.fi\/sv\/epress-och-hublet-inleder-samarbete-kring-distribution-av-digitala-tidningar\/","og_site_name":"ePress\u00ae","article_published_time":"2023-08-21T05:05:04+00:00","article_modified_time":"2025-02-26T06:09:51+00:00","og_image":[{"width":437,"height":99,"url":"https:\/\/corporate.epress.fi\/wp-content\/uploads\/2024\/10\/epress-logo-2024-white.png","type":"image\/png"},{"width":1024,"height":512,"url":"https:\/\/corporate.epress.fi\/wp-content\/uploads\/2025\/01\/hublet.webp","type":"image\/webp"}],"author":"ePress","twitter_card":"summary_large_image","twitter_misc":{"Skriven av":"ePress","Ber\u00e4knad l\u00e4stid":"2 minuter"},"schema":{"@context":"https:\/\/schema.org","@graph":[{"@type":"Article","@id":"https:\/\/corporate.epress.fi\/sv\/epress-och-hublet-inleder-samarbete-kring-distribution-av-digitala-tidningar\/#article","isPartOf":{"@id":"https:\/\/corporate.epress.fi\/sv\/epress-och-hublet-inleder-samarbete-kring-distribution-av-digitala-tidningar\/"},"author":{"name":"ePress","@id":"https:\/\/corporate.epress.fi\/sv\/#\/schema\/person\/ad38cc792da02b14fbaea0b23052d8bd"},"headline":"ePress\u00ae och hublet inleder samarbete kring distribution av digitala tidningar","datePublished":"2023-08-21T05:05:04+00:00","dateModified":"2025-02-26T06:09:51+00:00","mainEntityOfPage":{"@id":"https:\/\/corporate.epress.fi\/sv\/epress-och-hublet-inleder-samarbete-kring-distribution-av-digitala-tidningar\/"},"wordCount":271,"publisher":{"@id":"https:\/\/corporate.epress.fi\/sv\/#organization"},"image":{"@id":"https:\/\/corporate.epress.fi\/sv\/epress-och-hublet-inleder-samarbete-kring-distribution-av-digitala-tidningar\/#primaryimage"},"thumbnailUrl":"https:\/\/corporate.epress.fi\/wp-content\/uploads\/2025\/01\/hublet.webp","articleSection":["Okategoriserad"],"inLanguage":"sv-SE"},{"@type":"WebPage","@id":"https:\/\/corporate.epress.fi\/sv\/epress-och-hublet-inleder-samarbete-kring-distribution-av-digitala-tidningar\/","url":"https:\/\/corporate.epress.fi\/sv\/epress-och-hublet-inleder-samarbete-kring-distribution-av-digitala-tidningar\/","name":"ePress\u00ae och hublet inleder samarbete kring distribution av digitala tidningar - ePress\u00ae","isPartOf":{"@id":"https:\/\/corporate.epress.fi\/sv\/#website"},"primaryImageOfPage":{"@id":"https:\/\/corporate.epress.fi\/sv\/epress-och-hublet-inleder-samarbete-kring-distribution-av-digitala-tidningar\/#primaryimage"},"image":{"@id":"https:\/\/corporate.epress.fi\/sv\/epress-och-hublet-inleder-samarbete-kring-distribution-av-digitala-tidningar\/#primaryimage"},"thumbnailUrl":"https:\/\/corporate.epress.fi\/wp-content\/uploads\/2025\/01\/hublet.webp","datePublished":"2023-08-21T05:05:04+00:00","dateModified":"2025-02-26T06:09:51+00:00","description":"ePress\u00ae och Hublet har inlett ett partnerskap f\u00f6r distribution av ePress digitala tidningstj\u00e4nst som en del av Hublets inneh\u00e5lls- och tj\u00e4nsteutbud f\u00f6r sj\u00e4lvbetj\u00e4ningstabletter som kan l\u00e5nas.","breadcrumb":{"@id":"https:\/\/corporate.epress.fi\/sv\/epress-och-hublet-inleder-samarbete-kring-distribution-av-digitala-tidningar\/#breadcrumb"},"inLanguage":"sv-SE","potentialAction":[{"@type":"ReadAction","target":["https:\/\/corporate.epress.fi\/sv\/epress-och-hublet-inleder-samarbete-kring-distribution-av-digitala-tidningar\/"]}]},{"@type":"ImageObject","inLanguage":"sv-SE","@id":"https:\/\/corporate.epress.fi\/sv\/epress-och-hublet-inleder-samarbete-kring-distribution-av-digitala-tidningar\/#primaryimage","url":"https:\/\/corporate.epress.fi\/wp-content\/uploads\/2025\/01\/hublet.webp","contentUrl":"https:\/\/corporate.epress.fi\/wp-content\/uploads\/2025\/01\/hublet.webp","width":1024,"height":512},{"@type":"BreadcrumbList","@id":"https:\/\/corporate.epress.fi\/sv\/epress-och-hublet-inleder-samarbete-kring-distribution-av-digitala-tidningar\/#breadcrumb","itemListElement":[{"@type":"ListItem","position":1,"name":"Home","item":"https:\/\/corporate.epress.fi\/sv\/"},{"@type":"ListItem","position":2,"name":"ePress\u00ae och hublet inleder samarbete kring distribution av digitala tidningar"}]},{"@type":"WebSite","@id":"https:\/\/corporate.epress.fi\/sv\/#website","url":"https:\/\/corporate.epress.fi\/sv\/","name":"ePress\u00ae","description":"Kaikki lehdet yhdest\u00e4 paikasta","publisher":{"@id":"https:\/\/corporate.epress.fi\/sv\/#organization"},"potentialAction":[{"@type":"SearchAction","target":{"@type":"EntryPoint","urlTemplate":"https:\/\/corporate.epress.fi\/sv\/?s={search_term_string}"},"query-input":{"@type":"PropertyValueSpecification","valueRequired":true,"valueName":"search_term_string"}}],"inLanguage":"sv-SE"},{"@type":"Organization","@id":"https:\/\/corporate.epress.fi\/sv\/#organization","name":"ePress\u00ae","url":"https:\/\/corporate.epress.fi\/sv\/","logo":{"@type":"ImageObject","inLanguage":"sv-SE","@id":"https:\/\/corporate.epress.fi\/sv\/#\/schema\/logo\/image\/","url":"https:\/\/corporate.epress.fi\/wp-content\/uploads\/2024\/10\/epress-logo-2024-white.png","contentUrl":"https:\/\/corporate.epress.fi\/wp-content\/uploads\/2024\/10\/epress-logo-2024-white.png","width":437,"height":99,"caption":"ePress\u00ae"},"image":{"@id":"https:\/\/corporate.epress.fi\/sv\/#\/schema\/logo\/image\/"}},{"@type":"Person","@id":"https:\/\/corporate.epress.fi\/sv\/#\/schema\/person\/ad38cc792da02b14fbaea0b23052d8bd","name":"ePress","image":{"@type":"ImageObject","inLanguage":"sv-SE","@id":"https:\/\/secure.gravatar.com\/avatar\/b4768ca9abc1c1ac06d742c42cf4de16acdfacf8373f35afcd7fe86c66f64225?s=96&d=mm&r=g","url":"https:\/\/secure.gravatar.com\/avatar\/b4768ca9abc1c1ac06d742c42cf4de16acdfacf8373f35afcd7fe86c66f64225?s=96&d=mm&r=g","contentUrl":"https:\/\/secure.gravatar.com\/avatar\/b4768ca9abc1c1ac06d742c42cf4de16acdfacf8373f35afcd7fe86c66f64225?s=96&d=mm&r=g","caption":"ePress"}}]}},"_links":{"self":[{"href":"https:\/\/corporate.epress.fi\/sv\/wp-json\/wp\/v2\/posts\/8882","targetHints":{"allow":["GET"]}}],"collection":[{"href":"https:\/\/corporate.epress.fi\/sv\/wp-json\/wp\/v2\/posts"}],"about":[{"href":"https:\/\/corporate.epress.fi\/sv\/wp-json\/wp\/v2\/types\/post"}],"author":[{"embeddable":true,"href":"https:\/\/corporate.epress.fi\/sv\/wp-json\/wp\/v2\/users\/41"}],"replies":[{"embeddable":true,"href":"https:\/\/corporate.epress.fi\/sv\/wp-json\/wp\/v2\/comments?post=8882"}],"version-history":[{"count":5,"href":"https:\/\/corporate.epress.fi\/sv\/wp-json\/wp\/v2\/posts\/8882\/revisions"}],"predecessor-version":[{"id":10582,"href":"https:\/\/corporate.epress.fi\/sv\/wp-json\/wp\/v2\/posts\/8882\/revisions\/10582"}],"wp:featuredmedia":[{"embeddable":true,"href":"https:\/\/corporate.epress.fi\/sv\/wp-json\/wp\/v2\/media\/8666"}],"wp:attachment":[{"href":"https:\/\/corporate.epress.fi\/sv\/wp-json\/wp\/v2\/media?parent=8882"}],"wp:term":[{"taxonomy":"category","embeddable":true,"href":"https:\/\/corporate.epress.fi\/sv\/wp-json\/wp\/v2\/categories?post=8882"},{"taxonomy":"post_tag","embeddable":true,"href":"https:\/\/corporate.epress.fi\/sv\/wp-json\/wp\/v2\/tags?post=8882"}],"curies":[{"name":"wp","href":"https:\/\/api.w.org\/{rel}","templated":true}]}}