{"id":8888,"date":"2023-03-27T05:03:59","date_gmt":"2023-03-27T05:03:59","guid":{"rendered":"https:\/\/corporate.epress.fi\/?p=8888"},"modified":"2025-02-26T06:01:41","modified_gmt":"2025-02-26T06:01:41","slug":"epress-och-kultti-ry-inleder-samarbete-kring-distribution-av-kulturtidskrifter","status":"publish","type":"post","link":"https:\/\/corporate.epress.fi\/sv\/epress-och-kultti-ry-inleder-samarbete-kring-distribution-av-kulturtidskrifter\/","title":{"rendered":"ePress\u00ae och Kultti ry inleder samarbete kring distribution av kulturtidskrifter"},"content":{"rendered":"\n<p>F\u00f6rbundet f\u00f6r kultur-, opinions- och vetenskapstidskrifter (Kultti ry), som representerar cirka 160 publikationer i Finland, har inlett ett samarbete med ePress\u00ae f\u00f6r att distribuera sina medlemstidskrifter via ePress digitala tidningshyllor.<\/p>\n\n<p>Kultti, som grundades 1991, \u00e4r en r\u00f6st f\u00f6r oberoende journalistik. I takt med att medieinneh\u00e5ll blir alltmer likriktat v\u00e4xer behovet av alternativa publiceringsplattformar. Kulttis medlemstidskrifter skapar utrymme f\u00f6r \u00e4mnen och r\u00f6ster som ofta utesluts fr\u00e5n traditionella medier.  <\/p>\n\n<p>Kulttis medlemmar inkluderar de flesta konst- och kulturtidskrifter som publiceras i Finland, samt majoriteten av opinions- och vetenskapstidskrifter. Dessa tidningar levererar genomt\u00e4nkta \u00e5sikter och v\u00e4lskrivna artiklar mitt i den digitala nyhetsstr\u00f6mmen. De behandlar \u00e4mnen som kulturella fenomen, vetenskap, konst, politik, samh\u00e4lle, majoriteter och minoriteter, milj\u00f6fr\u00e5gor, science fiction och mycket mer.  <\/p>\n\n<p>Utforska Kulttis tidskriftssortiment <a href=\"https:\/\/www.kulttilehdet.fi\/kaikki-lehdet\/\" target=\"_blank\" rel=\"noreferrer noopener\">H\u00c4R!<\/a><\/p>\n\n<p><em>\u201cSamarbetet med ePress \u00f6ppnar en ny digital distributionskanal f\u00f6r Kulttis tidskrifter, vilket \u00f6kar deras spridning och tillg\u00e4nglighet. Genom ePress kan m\u00e5nga sm\u00e5 tidskrifter med nischad upplaga n\u00e5 en bredare publik. Processen f\u00f6r att anv\u00e4nda ePress och publicera inneh\u00e5ll p\u00e5 plattformen har gjorts mycket enkel och smidig,\u201d<\/em> s\u00e4ger Helin\u00e4 Ylisirni\u00f6, verksamhetschef f\u00f6r Kultti ry.<\/p>\n\n<p><em>\u201cVi \u00e4r glada \u00f6ver att ut\u00f6ka ePress\u00ae-tj\u00e4nstens utbud med kulturtidskrifter och samtidigt ge sm\u00e5 f\u00f6rlag en ny och omfattande distributionskanal f\u00f6r att n\u00e5 sina l\u00e4sare,\u201d<\/em> s\u00e4ger Kimmo Laine, ePress\u00ae Digitala Tidningshyllor.<\/p>\n\n<p><strong>Mer information:<\/strong><\/p>\n\n<p>Mer information:<br\/>ePress\u00ae<br\/>Kimmo Laine<br\/>Email: kimmo@epress.fi<br\/>Telefon: +358 50 369 3603<\/p>\n\n<p>F\u00f6rbundet f\u00f6r kultur-, opinions- och vetenskapstidskrifter (Kultti ry)<br\/>Verksamhetschef<br\/>Helin\u00e4 Ylisirni\u00f6<br\/>Email: helina.ylisirnio@kultti.net<br\/>Telefon: +358 44 210 3445<\/p>\n\n<p>Kultti ry representerar cirka 160 tidskrifter som publiceras i Finland, f\u00f6rsvarar de sm\u00e5 tidskrifternas intressen och erbjuder sina medlemmar utbildning och marknadsf\u00f6ringsm\u00f6jligheter. <\/p>\n\n<p>ePress\u00ae \u00e4r en tj\u00e4nst som specialiserar sig p\u00e5 digital distribution av dagstidningar och tidskrifter, och kopplar samman f\u00f6rlag, inneh\u00e5ll och l\u00e4sare genom hundratals digitala ePress-tidningshyllor och distributionspunkter.<\/p>\n","protected":false},"excerpt":{"rendered":"<p>F\u00f6rbundet f\u00f6r kultur-, opinions- och vetenskapstidskrifter (Kultti ry), som representerar cirka 160 publikationer i Finland, har inlett ett samarbete med ePress\u00ae f\u00f6r att distribuera sina medlemstidskrifter via ePress digitala tidningshyllor.<\/p>\n","protected":false},"author":41,"featured_media":8664,"comment_status":"closed","ping_status":"open","sticky":false,"template":"","format":"standard","meta":{"site-sidebar-layout":"default","site-content-layout":"","ast-site-content-layout":"default","site-content-style":"default","site-sidebar-style":"default","ast-global-header-display":"","ast-banner-title-visibility":"","ast-main-header-display":"","ast-hfb-above-header-display":"","ast-hfb-below-header-display":"","ast-hfb-mobile-header-display":"","site-post-title":"","ast-breadcrumbs-content":"","ast-featured-img":"","footer-sml-layout":"","ast-disable-related-posts":"","theme-transparent-header-meta":"","adv-header-id-meta":"","stick-header-meta":"","header-above-stick-meta":"","header-main-stick-meta":"","header-below-stick-meta":"","astra-migrate-meta-layouts":"set","ast-page-background-enabled":"default","ast-page-background-meta":{"desktop":{"background-color":"","background-image":"","background-repeat":"repeat","background-position":"center center","background-size":"auto","background-attachment":"scroll","background-type":"","background-media":"","overlay-type":"","overlay-color":"","overlay-opacity":"","overlay-gradient":""},"tablet":{"background-color":"","background-image":"","background-repeat":"repeat","background-position":"center center","background-size":"auto","background-attachment":"scroll","background-type":"","background-media":"","overlay-type":"","overlay-color":"","overlay-opacity":"","overlay-gradient":""},"mobile":{"background-color":"","background-image":"","background-repeat":"repeat","background-position":"center center","background-size":"auto","background-attachment":"scroll","background-type":"","background-media":"","overlay-type":"","overlay-color":"","overlay-opacity":"","overlay-gradient":""}},"ast-content-background-meta":{"desktop":{"background-color":"var(--ast-global-color-5)","background-image":"","background-repeat":"repeat","background-position":"center center","background-size":"auto","background-attachment":"scroll","background-type":"","background-media":"","overlay-type":"","overlay-color":"","overlay-opacity":"","overlay-gradient":""},"tablet":{"background-color":"var(--ast-global-color-5)","background-image":"","background-repeat":"repeat","background-position":"center center","background-size":"auto","background-attachment":"scroll","background-type":"","background-media":"","overlay-type":"","overlay-color":"","overlay-opacity":"","overlay-gradient":""},"mobile":{"background-color":"var(--ast-global-color-5)","background-image":"","background-repeat":"repeat","background-position":"center center","background-size":"auto","background-attachment":"scroll","background-type":"","background-media":"","overlay-type":"","overlay-color":"","overlay-opacity":"","overlay-gradient":""}},"footnotes":""},"categories":[44],"tags":[],"class_list":["post-8888","post","type-post","status-publish","format-standard","has-post-thumbnail","hentry","category-okategoriserad"],"yoast_head":"<!-- This site is optimized with the Yoast SEO plugin v27.3 - https:\/\/yoast.com\/product\/yoast-seo-wordpress\/ -->\n<title>ePress\u00ae och Kultti ry inleder samarbete kring distribution av kulturtidskrifter - ePress\u00ae<\/title>\n<meta name=\"description\" content=\"F\u00f6rbundet f\u00f6r kultur-, opinions- och vetenskapstidskrifter (Kultti ry), som representerar cirka 160 publikationer i Finland, har inlett ett samarbete med ePress\u00ae f\u00f6r att distribuera sina medlemstidskrifter via ePress digitala tidningshyllor.\" \/>\n<meta name=\"robots\" content=\"index, follow, max-snippet:-1, max-image-preview:large, max-video-preview:-1\" \/>\n<link rel=\"canonical\" href=\"https:\/\/corporate.epress.fi\/sv\/epress-och-kultti-ry-inleder-samarbete-kring-distribution-av-kulturtidskrifter\/\" \/>\n<meta property=\"og:locale\" content=\"sv_SE\" \/>\n<meta property=\"og:type\" content=\"article\" \/>\n<meta property=\"og:title\" content=\"ePress\u00ae och Kultti ry inleder samarbete kring distribution av kulturtidskrifter - ePress\u00ae\" \/>\n<meta property=\"og:description\" content=\"F\u00f6rbundet f\u00f6r kultur-, opinions- och vetenskapstidskrifter (Kultti ry), som representerar cirka 160 publikationer i Finland, har inlett ett samarbete med ePress\u00ae f\u00f6r att distribuera sina medlemstidskrifter via ePress digitala tidningshyllor.\" \/>\n<meta property=\"og:url\" content=\"https:\/\/corporate.epress.fi\/sv\/epress-och-kultti-ry-inleder-samarbete-kring-distribution-av-kulturtidskrifter\/\" \/>\n<meta property=\"og:site_name\" content=\"ePress\u00ae\" \/>\n<meta property=\"article:published_time\" content=\"2023-03-27T05:03:59+00:00\" \/>\n<meta property=\"article:modified_time\" content=\"2025-02-26T06:01:41+00:00\" \/>\n<meta property=\"og:image\" content=\"https:\/\/corporate.epress.fi\/wp-content\/uploads\/2024\/10\/epress-logo-2024-white.png\" \/>\n\t<meta property=\"og:image:width\" content=\"437\" \/>\n\t<meta property=\"og:image:height\" content=\"99\" \/>\n\t<meta property=\"og:image:type\" content=\"image\/png\" \/><meta property=\"og:image\" content=\"https:\/\/corporate.epress.fi\/wp-content\/uploads\/2025\/01\/kultti-1024x512-1.jpeg\" \/>\n\t<meta property=\"og:image:width\" content=\"1024\" \/>\n\t<meta property=\"og:image:height\" content=\"512\" \/>\n\t<meta property=\"og:image:type\" content=\"image\/jpeg\" \/>\n<meta name=\"author\" content=\"ePress\" \/>\n<meta name=\"twitter:card\" content=\"summary_large_image\" \/>\n<meta name=\"twitter:label1\" content=\"Skriven av\" \/>\n\t<meta name=\"twitter:data1\" content=\"ePress\" \/>\n\t<meta name=\"twitter:label2\" content=\"Ber\u00e4knad l\u00e4stid\" \/>\n\t<meta name=\"twitter:data2\" content=\"2 minuter\" \/>\n<script type=\"application\/ld+json\" class=\"yoast-schema-graph\">{\"@context\":\"https:\\\/\\\/schema.org\",\"@graph\":[{\"@type\":\"Article\",\"@id\":\"https:\\\/\\\/corporate.epress.fi\\\/sv\\\/epress-och-kultti-ry-inleder-samarbete-kring-distribution-av-kulturtidskrifter\\\/#article\",\"isPartOf\":{\"@id\":\"https:\\\/\\\/corporate.epress.fi\\\/sv\\\/epress-och-kultti-ry-inleder-samarbete-kring-distribution-av-kulturtidskrifter\\\/\"},\"author\":{\"name\":\"ePress\",\"@id\":\"https:\\\/\\\/corporate.epress.fi\\\/sv\\\/#\\\/schema\\\/person\\\/ad38cc792da02b14fbaea0b23052d8bd\"},\"headline\":\"ePress\u00ae och Kultti ry inleder samarbete kring distribution av kulturtidskrifter\",\"datePublished\":\"2023-03-27T05:03:59+00:00\",\"dateModified\":\"2025-02-26T06:01:41+00:00\",\"mainEntityOfPage\":{\"@id\":\"https:\\\/\\\/corporate.epress.fi\\\/sv\\\/epress-och-kultti-ry-inleder-samarbete-kring-distribution-av-kulturtidskrifter\\\/\"},\"wordCount\":327,\"publisher\":{\"@id\":\"https:\\\/\\\/corporate.epress.fi\\\/sv\\\/#organization\"},\"image\":{\"@id\":\"https:\\\/\\\/corporate.epress.fi\\\/sv\\\/epress-och-kultti-ry-inleder-samarbete-kring-distribution-av-kulturtidskrifter\\\/#primaryimage\"},\"thumbnailUrl\":\"https:\\\/\\\/corporate.epress.fi\\\/wp-content\\\/uploads\\\/2025\\\/01\\\/kultti-1024x512-1.jpeg\",\"articleSection\":[\"Okategoriserad\"],\"inLanguage\":\"sv-SE\"},{\"@type\":\"WebPage\",\"@id\":\"https:\\\/\\\/corporate.epress.fi\\\/sv\\\/epress-och-kultti-ry-inleder-samarbete-kring-distribution-av-kulturtidskrifter\\\/\",\"url\":\"https:\\\/\\\/corporate.epress.fi\\\/sv\\\/epress-och-kultti-ry-inleder-samarbete-kring-distribution-av-kulturtidskrifter\\\/\",\"name\":\"ePress\u00ae och Kultti ry inleder samarbete kring distribution av kulturtidskrifter - ePress\u00ae\",\"isPartOf\":{\"@id\":\"https:\\\/\\\/corporate.epress.fi\\\/sv\\\/#website\"},\"primaryImageOfPage\":{\"@id\":\"https:\\\/\\\/corporate.epress.fi\\\/sv\\\/epress-och-kultti-ry-inleder-samarbete-kring-distribution-av-kulturtidskrifter\\\/#primaryimage\"},\"image\":{\"@id\":\"https:\\\/\\\/corporate.epress.fi\\\/sv\\\/epress-och-kultti-ry-inleder-samarbete-kring-distribution-av-kulturtidskrifter\\\/#primaryimage\"},\"thumbnailUrl\":\"https:\\\/\\\/corporate.epress.fi\\\/wp-content\\\/uploads\\\/2025\\\/01\\\/kultti-1024x512-1.jpeg\",\"datePublished\":\"2023-03-27T05:03:59+00:00\",\"dateModified\":\"2025-02-26T06:01:41+00:00\",\"description\":\"F\u00f6rbundet f\u00f6r kultur-, opinions- och vetenskapstidskrifter (Kultti ry), som representerar cirka 160 publikationer i Finland, har inlett ett samarbete med ePress\u00ae f\u00f6r att distribuera sina medlemstidskrifter via ePress digitala tidningshyllor.\",\"breadcrumb\":{\"@id\":\"https:\\\/\\\/corporate.epress.fi\\\/sv\\\/epress-och-kultti-ry-inleder-samarbete-kring-distribution-av-kulturtidskrifter\\\/#breadcrumb\"},\"inLanguage\":\"sv-SE\",\"potentialAction\":[{\"@type\":\"ReadAction\",\"target\":[\"https:\\\/\\\/corporate.epress.fi\\\/sv\\\/epress-och-kultti-ry-inleder-samarbete-kring-distribution-av-kulturtidskrifter\\\/\"]}]},{\"@type\":\"ImageObject\",\"inLanguage\":\"sv-SE\",\"@id\":\"https:\\\/\\\/corporate.epress.fi\\\/sv\\\/epress-och-kultti-ry-inleder-samarbete-kring-distribution-av-kulturtidskrifter\\\/#primaryimage\",\"url\":\"https:\\\/\\\/corporate.epress.fi\\\/wp-content\\\/uploads\\\/2025\\\/01\\\/kultti-1024x512-1.jpeg\",\"contentUrl\":\"https:\\\/\\\/corporate.epress.fi\\\/wp-content\\\/uploads\\\/2025\\\/01\\\/kultti-1024x512-1.jpeg\",\"width\":1024,\"height\":512},{\"@type\":\"BreadcrumbList\",\"@id\":\"https:\\\/\\\/corporate.epress.fi\\\/sv\\\/epress-och-kultti-ry-inleder-samarbete-kring-distribution-av-kulturtidskrifter\\\/#breadcrumb\",\"itemListElement\":[{\"@type\":\"ListItem\",\"position\":1,\"name\":\"Home\",\"item\":\"https:\\\/\\\/corporate.epress.fi\\\/sv\\\/\"},{\"@type\":\"ListItem\",\"position\":2,\"name\":\"ePress\u00ae och Kultti ry inleder samarbete kring distribution av kulturtidskrifter\"}]},{\"@type\":\"WebSite\",\"@id\":\"https:\\\/\\\/corporate.epress.fi\\\/sv\\\/#website\",\"url\":\"https:\\\/\\\/corporate.epress.fi\\\/sv\\\/\",\"name\":\"ePress\u00ae\",\"description\":\"Kaikki lehdet yhdest\u00e4 paikasta\",\"publisher\":{\"@id\":\"https:\\\/\\\/corporate.epress.fi\\\/sv\\\/#organization\"},\"potentialAction\":[{\"@type\":\"SearchAction\",\"target\":{\"@type\":\"EntryPoint\",\"urlTemplate\":\"https:\\\/\\\/corporate.epress.fi\\\/sv\\\/?s={search_term_string}\"},\"query-input\":{\"@type\":\"PropertyValueSpecification\",\"valueRequired\":true,\"valueName\":\"search_term_string\"}}],\"inLanguage\":\"sv-SE\"},{\"@type\":\"Organization\",\"@id\":\"https:\\\/\\\/corporate.epress.fi\\\/sv\\\/#organization\",\"name\":\"ePress\u00ae\",\"url\":\"https:\\\/\\\/corporate.epress.fi\\\/sv\\\/\",\"logo\":{\"@type\":\"ImageObject\",\"inLanguage\":\"sv-SE\",\"@id\":\"https:\\\/\\\/corporate.epress.fi\\\/sv\\\/#\\\/schema\\\/logo\\\/image\\\/\",\"url\":\"https:\\\/\\\/corporate.epress.fi\\\/wp-content\\\/uploads\\\/2024\\\/10\\\/epress-logo-2024-white.png\",\"contentUrl\":\"https:\\\/\\\/corporate.epress.fi\\\/wp-content\\\/uploads\\\/2024\\\/10\\\/epress-logo-2024-white.png\",\"width\":437,\"height\":99,\"caption\":\"ePress\u00ae\"},\"image\":{\"@id\":\"https:\\\/\\\/corporate.epress.fi\\\/sv\\\/#\\\/schema\\\/logo\\\/image\\\/\"}},{\"@type\":\"Person\",\"@id\":\"https:\\\/\\\/corporate.epress.fi\\\/sv\\\/#\\\/schema\\\/person\\\/ad38cc792da02b14fbaea0b23052d8bd\",\"name\":\"ePress\",\"image\":{\"@type\":\"ImageObject\",\"inLanguage\":\"sv-SE\",\"@id\":\"https:\\\/\\\/secure.gravatar.com\\\/avatar\\\/b4768ca9abc1c1ac06d742c42cf4de16acdfacf8373f35afcd7fe86c66f64225?s=96&d=mm&r=g\",\"url\":\"https:\\\/\\\/secure.gravatar.com\\\/avatar\\\/b4768ca9abc1c1ac06d742c42cf4de16acdfacf8373f35afcd7fe86c66f64225?s=96&d=mm&r=g\",\"contentUrl\":\"https:\\\/\\\/secure.gravatar.com\\\/avatar\\\/b4768ca9abc1c1ac06d742c42cf4de16acdfacf8373f35afcd7fe86c66f64225?s=96&d=mm&r=g\",\"caption\":\"ePress\"}}]}<\/script>\n<!-- \/ Yoast SEO plugin. -->","yoast_head_json":{"title":"ePress\u00ae och Kultti ry inleder samarbete kring distribution av kulturtidskrifter - ePress\u00ae","description":"F\u00f6rbundet f\u00f6r kultur-, opinions- och vetenskapstidskrifter (Kultti ry), som representerar cirka 160 publikationer i Finland, har inlett ett samarbete med ePress\u00ae f\u00f6r att distribuera sina medlemstidskrifter via ePress digitala tidningshyllor.","robots":{"index":"index","follow":"follow","max-snippet":"max-snippet:-1","max-image-preview":"max-image-preview:large","max-video-preview":"max-video-preview:-1"},"canonical":"https:\/\/corporate.epress.fi\/sv\/epress-och-kultti-ry-inleder-samarbete-kring-distribution-av-kulturtidskrifter\/","og_locale":"sv_SE","og_type":"article","og_title":"ePress\u00ae och Kultti ry inleder samarbete kring distribution av kulturtidskrifter - ePress\u00ae","og_description":"F\u00f6rbundet f\u00f6r kultur-, opinions- och vetenskapstidskrifter (Kultti ry), som representerar cirka 160 publikationer i Finland, har inlett ett samarbete med ePress\u00ae f\u00f6r att distribuera sina medlemstidskrifter via ePress digitala tidningshyllor.","og_url":"https:\/\/corporate.epress.fi\/sv\/epress-och-kultti-ry-inleder-samarbete-kring-distribution-av-kulturtidskrifter\/","og_site_name":"ePress\u00ae","article_published_time":"2023-03-27T05:03:59+00:00","article_modified_time":"2025-02-26T06:01:41+00:00","og_image":[{"width":437,"height":99,"url":"https:\/\/corporate.epress.fi\/wp-content\/uploads\/2024\/10\/epress-logo-2024-white.png","type":"image\/png"},{"width":1024,"height":512,"url":"https:\/\/corporate.epress.fi\/wp-content\/uploads\/2025\/01\/kultti-1024x512-1.jpeg","type":"image\/jpeg"}],"author":"ePress","twitter_card":"summary_large_image","twitter_misc":{"Skriven av":"ePress","Ber\u00e4knad l\u00e4stid":"2 minuter"},"schema":{"@context":"https:\/\/schema.org","@graph":[{"@type":"Article","@id":"https:\/\/corporate.epress.fi\/sv\/epress-och-kultti-ry-inleder-samarbete-kring-distribution-av-kulturtidskrifter\/#article","isPartOf":{"@id":"https:\/\/corporate.epress.fi\/sv\/epress-och-kultti-ry-inleder-samarbete-kring-distribution-av-kulturtidskrifter\/"},"author":{"name":"ePress","@id":"https:\/\/corporate.epress.fi\/sv\/#\/schema\/person\/ad38cc792da02b14fbaea0b23052d8bd"},"headline":"ePress\u00ae och Kultti ry inleder samarbete kring distribution av kulturtidskrifter","datePublished":"2023-03-27T05:03:59+00:00","dateModified":"2025-02-26T06:01:41+00:00","mainEntityOfPage":{"@id":"https:\/\/corporate.epress.fi\/sv\/epress-och-kultti-ry-inleder-samarbete-kring-distribution-av-kulturtidskrifter\/"},"wordCount":327,"publisher":{"@id":"https:\/\/corporate.epress.fi\/sv\/#organization"},"image":{"@id":"https:\/\/corporate.epress.fi\/sv\/epress-och-kultti-ry-inleder-samarbete-kring-distribution-av-kulturtidskrifter\/#primaryimage"},"thumbnailUrl":"https:\/\/corporate.epress.fi\/wp-content\/uploads\/2025\/01\/kultti-1024x512-1.jpeg","articleSection":["Okategoriserad"],"inLanguage":"sv-SE"},{"@type":"WebPage","@id":"https:\/\/corporate.epress.fi\/sv\/epress-och-kultti-ry-inleder-samarbete-kring-distribution-av-kulturtidskrifter\/","url":"https:\/\/corporate.epress.fi\/sv\/epress-och-kultti-ry-inleder-samarbete-kring-distribution-av-kulturtidskrifter\/","name":"ePress\u00ae och Kultti ry inleder samarbete kring distribution av kulturtidskrifter - ePress\u00ae","isPartOf":{"@id":"https:\/\/corporate.epress.fi\/sv\/#website"},"primaryImageOfPage":{"@id":"https:\/\/corporate.epress.fi\/sv\/epress-och-kultti-ry-inleder-samarbete-kring-distribution-av-kulturtidskrifter\/#primaryimage"},"image":{"@id":"https:\/\/corporate.epress.fi\/sv\/epress-och-kultti-ry-inleder-samarbete-kring-distribution-av-kulturtidskrifter\/#primaryimage"},"thumbnailUrl":"https:\/\/corporate.epress.fi\/wp-content\/uploads\/2025\/01\/kultti-1024x512-1.jpeg","datePublished":"2023-03-27T05:03:59+00:00","dateModified":"2025-02-26T06:01:41+00:00","description":"F\u00f6rbundet f\u00f6r kultur-, opinions- och vetenskapstidskrifter (Kultti ry), som representerar cirka 160 publikationer i Finland, har inlett ett samarbete med ePress\u00ae f\u00f6r att distribuera sina medlemstidskrifter via ePress digitala tidningshyllor.","breadcrumb":{"@id":"https:\/\/corporate.epress.fi\/sv\/epress-och-kultti-ry-inleder-samarbete-kring-distribution-av-kulturtidskrifter\/#breadcrumb"},"inLanguage":"sv-SE","potentialAction":[{"@type":"ReadAction","target":["https:\/\/corporate.epress.fi\/sv\/epress-och-kultti-ry-inleder-samarbete-kring-distribution-av-kulturtidskrifter\/"]}]},{"@type":"ImageObject","inLanguage":"sv-SE","@id":"https:\/\/corporate.epress.fi\/sv\/epress-och-kultti-ry-inleder-samarbete-kring-distribution-av-kulturtidskrifter\/#primaryimage","url":"https:\/\/corporate.epress.fi\/wp-content\/uploads\/2025\/01\/kultti-1024x512-1.jpeg","contentUrl":"https:\/\/corporate.epress.fi\/wp-content\/uploads\/2025\/01\/kultti-1024x512-1.jpeg","width":1024,"height":512},{"@type":"BreadcrumbList","@id":"https:\/\/corporate.epress.fi\/sv\/epress-och-kultti-ry-inleder-samarbete-kring-distribution-av-kulturtidskrifter\/#breadcrumb","itemListElement":[{"@type":"ListItem","position":1,"name":"Home","item":"https:\/\/corporate.epress.fi\/sv\/"},{"@type":"ListItem","position":2,"name":"ePress\u00ae och Kultti ry inleder samarbete kring distribution av kulturtidskrifter"}]},{"@type":"WebSite","@id":"https:\/\/corporate.epress.fi\/sv\/#website","url":"https:\/\/corporate.epress.fi\/sv\/","name":"ePress\u00ae","description":"Kaikki lehdet yhdest\u00e4 paikasta","publisher":{"@id":"https:\/\/corporate.epress.fi\/sv\/#organization"},"potentialAction":[{"@type":"SearchAction","target":{"@type":"EntryPoint","urlTemplate":"https:\/\/corporate.epress.fi\/sv\/?s={search_term_string}"},"query-input":{"@type":"PropertyValueSpecification","valueRequired":true,"valueName":"search_term_string"}}],"inLanguage":"sv-SE"},{"@type":"Organization","@id":"https:\/\/corporate.epress.fi\/sv\/#organization","name":"ePress\u00ae","url":"https:\/\/corporate.epress.fi\/sv\/","logo":{"@type":"ImageObject","inLanguage":"sv-SE","@id":"https:\/\/corporate.epress.fi\/sv\/#\/schema\/logo\/image\/","url":"https:\/\/corporate.epress.fi\/wp-content\/uploads\/2024\/10\/epress-logo-2024-white.png","contentUrl":"https:\/\/corporate.epress.fi\/wp-content\/uploads\/2024\/10\/epress-logo-2024-white.png","width":437,"height":99,"caption":"ePress\u00ae"},"image":{"@id":"https:\/\/corporate.epress.fi\/sv\/#\/schema\/logo\/image\/"}},{"@type":"Person","@id":"https:\/\/corporate.epress.fi\/sv\/#\/schema\/person\/ad38cc792da02b14fbaea0b23052d8bd","name":"ePress","image":{"@type":"ImageObject","inLanguage":"sv-SE","@id":"https:\/\/secure.gravatar.com\/avatar\/b4768ca9abc1c1ac06d742c42cf4de16acdfacf8373f35afcd7fe86c66f64225?s=96&d=mm&r=g","url":"https:\/\/secure.gravatar.com\/avatar\/b4768ca9abc1c1ac06d742c42cf4de16acdfacf8373f35afcd7fe86c66f64225?s=96&d=mm&r=g","contentUrl":"https:\/\/secure.gravatar.com\/avatar\/b4768ca9abc1c1ac06d742c42cf4de16acdfacf8373f35afcd7fe86c66f64225?s=96&d=mm&r=g","caption":"ePress"}}]}},"_links":{"self":[{"href":"https:\/\/corporate.epress.fi\/sv\/wp-json\/wp\/v2\/posts\/8888","targetHints":{"allow":["GET"]}}],"collection":[{"href":"https:\/\/corporate.epress.fi\/sv\/wp-json\/wp\/v2\/posts"}],"about":[{"href":"https:\/\/corporate.epress.fi\/sv\/wp-json\/wp\/v2\/types\/post"}],"author":[{"embeddable":true,"href":"https:\/\/corporate.epress.fi\/sv\/wp-json\/wp\/v2\/users\/41"}],"replies":[{"embeddable":true,"href":"https:\/\/corporate.epress.fi\/sv\/wp-json\/wp\/v2\/comments?post=8888"}],"version-history":[{"count":3,"href":"https:\/\/corporate.epress.fi\/sv\/wp-json\/wp\/v2\/posts\/8888\/revisions"}],"predecessor-version":[{"id":10580,"href":"https:\/\/corporate.epress.fi\/sv\/wp-json\/wp\/v2\/posts\/8888\/revisions\/10580"}],"wp:featuredmedia":[{"embeddable":true,"href":"https:\/\/corporate.epress.fi\/sv\/wp-json\/wp\/v2\/media\/8664"}],"wp:attachment":[{"href":"https:\/\/corporate.epress.fi\/sv\/wp-json\/wp\/v2\/media?parent=8888"}],"wp:term":[{"taxonomy":"category","embeddable":true,"href":"https:\/\/corporate.epress.fi\/sv\/wp-json\/wp\/v2\/categories?post=8888"},{"taxonomy":"post_tag","embeddable":true,"href":"https:\/\/corporate.epress.fi\/sv\/wp-json\/wp\/v2\/tags?post=8888"}],"curies":[{"name":"wp","href":"https:\/\/api.w.org\/{rel}","templated":true}]}}